{"id":22650,"date":"2022-03-17T13:21:57","date_gmt":"2022-03-17T17:21:57","guid":{"rendered":"https:\/\/spence-chapin.org\/?post_type=news&#038;p=22650"},"modified":"2022-03-17T14:28:19","modified_gmt":"2022-03-17T18:28:19","slug":"nuevo-podcast-centrado-en-la-adopcion","status":"publish","type":"news","link":"https:\/\/spence-chapin.org\/es\/news\/new-podcast-focused-on-adoption\/","title":{"rendered":"Spence-Chapin Services to Families &amp; Children lanza un nuevo podcast centrado en la adopci\u00f3n\ufffc"},"content":{"rendered":"<div class=\"content-cls storypage-body\">\n<div id=\"storyContent\" class=\"ql-editor ql-container\">\n<p><strong>NUEVA YORK, NY: <\/strong>Spence-Chapin Services to Families and Children ha lanzado un nuevo podcast,\u00a0<em>Charla sobre adopci\u00f3n por Spence-Chapin,\u00a0<\/em>que re\u00fane una multitud de voces y perspectivas para discutir temas importantes y oportunos en torno a la adopci\u00f3n. Con ex\u00e1menes en profundidad de una variedad de temas, as\u00ed como una amplia gama de historias personales,\u00a0<em>Charla de adopci\u00f3n\u00a0<\/em>busca aumentar la conciencia sobre la adopci\u00f3n y elevar las voces de aquellos dentro de la comunidad de adopci\u00f3n.<\/p>\n<p>Hoy en d\u00eda, en los Estados Unidos, 56% de los adultos estadounidenses informan que no est\u00e1n en absoluto familiarizados con la adopci\u00f3n o que s\u00f3lo est\u00e1n algo familiarizados con ella y, sin embargo, 40% de los estadounidenses conocen a alguien que est\u00e1 relacionado con la adopci\u00f3n, seg\u00fan el estudio de la Fundaci\u00f3n Dave Thomas.<em>\u00a0Encuesta de actitudes sobre la adopci\u00f3n y el cuidado de crianza en EE. UU. de 2022.\u00a0<\/em>El informe tambi\u00e9n se\u00f1ala conceptos err\u00f3neos persistentes sobre la adopci\u00f3n que pueden perpetuar estereotipos negativos y hacer que quienes est\u00e1n relacionados con la adopci\u00f3n se sientan aislados e incomprendidos.\u00a0<em>Charla de adopci\u00f3n<\/em>\u00a0se esfuerza por brindar claridad y conocimiento sobre todos los aspectos de la adopci\u00f3n y la comunidad de adopci\u00f3n, y por mejorar la comprensi\u00f3n y la aceptaci\u00f3n en todo el mundo.<\/p>\n<p>Kate Trambitskaya, directora ejecutiva de Spence-Chapin, dice sobre el esfuerzo: \u201cEstamos orgullosos de discutir la multitud de factores que impactan las vidas de aquellos que se ven afectados por la adopci\u00f3n. Spence-Chapin ha sido pionero en este campo a lo largo de nuestros 110 a\u00f1os de historia, y este podcast contin\u00faa esa tradici\u00f3n al poner en primer plano diversas voces y temas importantes sobre la adopci\u00f3n\u201d.<\/p>\n<p>La primera temporada de\u00a0<em>Charla de adopci\u00f3n<\/em>\u00a0incluye episodios sobre la crianza de los hijos entre razas, historias de padres biol\u00f3gicos, experiencias de adopci\u00f3n abierta e identidad del adoptado. Los invitados incluyen\u00a0<strong><em>Negro hasta el principio<\/em>Dra. Samantha Coleman y Sandria Washington<\/strong>\u00a0discutir la experiencia \u00fanica de ser negro y adoptado;\u00a0<strong>Florencia Lalor<\/strong>, fundadora del espacio online para adoptados de Am\u00e9rica Latina,\u00a0<em>La Voz del Hijo<\/em>;\u00a0<strong>Directora de Programas y Capacitaci\u00f3n Especializada de Planned Parenthood, Sue Wendelgass<\/strong>; y m\u00e1s.<\/p>\n<p>Escuchar\u00a0<em>charla de adopci\u00f3n,<\/em>\u00a0ir a\u00a0<a href=\"https:\/\/spence-chapin.org\/es\/podcast\/\" target=\"_blank\" rel=\"nofollow noopener\">http:\/\/spence-chapin.org\/podcast<\/a> o suscr\u00edbete en Spotify, Stitcher o Apple Podcasts.<\/p>\n<\/div>\n<\/div>\n<div class=\"storypage-aboutus\">\n<p class=\"details-title\">SOBRE NOSOTROS<\/p>\n<div id=\"aboutUsContent\" class=\"ql-editor ql-container\">\n<p><strong><em>Acerca de Spence-Chapin:\u00a0<\/em><\/strong><em>Spence-Chapin ha estado ofreciendo excepcionales servicios familiares y de adopci\u00f3n durante m\u00e1s de 100 a\u00f1os. Su misi\u00f3n es ayudar a encontrar familias amorosas para los ni\u00f1os, cualesquiera que sean sus necesidades o circunstancias, y brindar asesoramiento y apoyo de por vida a todos los ni\u00f1os y familias a quienes han nacido o han sido confiados. Las ra\u00edces de Spence-Chapin se remontan a principios del siglo XX con el trabajo pionero de la Sra. Clara Spence y el Dr. y la Sra. Henry Chapin, quienes establecieron guarder\u00edas para beb\u00e9s abandonados en las calles de la ciudad de Nueva York, lideraron esfuerzos humanitarios y crearon familias a trav\u00e9s de adopci\u00f3n. Desde entonces, Spence-Chapin se ha ampliado para incluir otros programas de apoyo integrales. Los esfuerzos galardonados de la organizaci\u00f3n han servido a m\u00e1s de 25,000 mujeres, ni\u00f1os y familias a trav\u00e9s de programas de adopci\u00f3n nacional, internacional y con necesidades especiales, apoyo post-adopci\u00f3n y ayuda humanitaria como el Granny Program. Obtenga m\u00e1s informaci\u00f3n en\u00a0<\/em><a href=\"https:\/\/spence-chapin.org\/es\/\" target=\"_blank\" rel=\"nofollow noopener\"><em>www.spence-chapin.org<\/em><\/a><em>.\u00a0<\/em><\/p>\n<\/div>\n<\/div>\n\n\n<form action=\"https:\/\/agilitypr.news\/Spence-Chapin-Services-to-Families--Chi-30563\"><input type=\"submit\" value=\"Leer m\u00e1s\">\n\n<\/form>","protected":false},"featured_media":22652,"template":"","class_list":["post-22650","news","type-news","status-publish","has-post-thumbnail","hentry"],"acf":[],"yoast_head":"<!-- This site is optimized with the Yoast SEO plugin v27.4 - https:\/\/yoast.com\/product\/yoast-seo-wordpress\/ -->\n<title>Spence-Chapin Services to Families &amp; Children Launches New Podcast Focused on Adoption\ufffc - Spence-Chapin<\/title>\n<meta name=\"robots\" content=\"index, follow, max-snippet:-1, max-image-preview:large, max-video-preview:-1\" \/>\n<link rel=\"canonical\" href=\"https:\/\/spence-chapin.org\/es\/noticias\/nuevo-podcast-centrado-en-la-adopcion\/\" \/>\n<meta property=\"og:locale\" content=\"es_MX\" \/>\n<meta property=\"og:type\" content=\"article\" \/>\n<meta property=\"og:title\" content=\"Spence-Chapin Services to Families &amp; Children Launches New Podcast Focused on Adoption\ufffc - Spence-Chapin\" \/>\n<meta property=\"og:description\" content=\"NEW YORK, NY: Spence-Chapin Services to Families and Children has launched a new podcast,\u00a0Adoption Talk by Spence-Chapin,\u00a0that brings together a multitude of voices and perspectives to discuss important and timely issues around adoption. Featuring in-depth examinations of a variety of topics as well as a diverse array of personal stories,\u00a0Adoption Talk\u00a0seeks to grow awareness around [&hellip;]\" \/>\n<meta property=\"og:url\" content=\"https:\/\/spence-chapin.org\/es\/noticias\/nuevo-podcast-centrado-en-la-adopcion\/\" \/>\n<meta property=\"og:site_name\" content=\"Spence-Chapin\" \/>\n<meta property=\"article:modified_time\" content=\"2022-03-17T18:28:19+00:00\" \/>\n<meta property=\"og:image\" content=\"https:\/\/spence-chapin.org\/wp-content\/uploads\/2022\/03\/41af1994-8724-44e3-b41a-7ac3a5a446b4.jpeg\" \/>\n\t<meta property=\"og:image:width\" content=\"400\" \/>\n\t<meta property=\"og:image:height\" content=\"400\" \/>\n\t<meta property=\"og:image:type\" content=\"image\/jpeg\" \/>\n<meta name=\"twitter:card\" content=\"summary_large_image\" \/>\n<meta name=\"twitter:label1\" content=\"Tiempo de lectura\" \/>\n\t<meta name=\"twitter:data1\" content=\"2 minutos\" \/>\n<!-- \/ Yoast SEO plugin. -->","yoast_head_json":{"title":"Spence-Chapin Services to Families &amp; Children lanza un nuevo podcast centrado en la adopci\u00f3n\ufffc - Spence-Chapin","robots":{"index":"index","follow":"follow","max-snippet":"max-snippet:-1","max-image-preview":"max-image-preview:large","max-video-preview":"max-video-preview:-1"},"canonical":"https:\/\/spence-chapin.org\/es\/noticias\/nuevo-podcast-centrado-en-la-adopcion\/","og_locale":"es_MX","og_type":"article","og_title":"Spence-Chapin Services to Families & Children Launches New Podcast Focused on Adoption\ufffc - Spence-Chapin","og_description":"NEW YORK, NY: Spence-Chapin Services to Families and Children has launched a new podcast,\u00a0Adoption Talk by Spence-Chapin,\u00a0that brings together a multitude of voices and perspectives to discuss important and timely issues around adoption. Featuring in-depth examinations of a variety of topics as well as a diverse array of personal stories,\u00a0Adoption Talk\u00a0seeks to grow awareness around [&hellip;]","og_url":"https:\/\/spence-chapin.org\/es\/noticias\/nuevo-podcast-centrado-en-la-adopcion\/","og_site_name":"Spence-Chapin","article_modified_time":"2022-03-17T18:28:19+00:00","og_image":[{"width":400,"height":400,"url":"https:\/\/spence-chapin.org\/wp-content\/uploads\/2022\/03\/41af1994-8724-44e3-b41a-7ac3a5a446b4.jpeg","type":"image\/jpeg"}],"twitter_card":"summary_large_image","twitter_misc":{"Tiempo de lectura":"2 minutos"},"schema":{"@context":"https:\/\/schema.org","@graph":[{"@type":"WebPage","@id":"https:\/\/spence-chapin.org\/news\/new-podcast-focused-on-adoption\/","url":"https:\/\/spence-chapin.org\/news\/new-podcast-focused-on-adoption\/","name":"Spence-Chapin Services to Families &amp; Children lanza un nuevo podcast centrado en la adopci\u00f3n\ufffc - Spence-Chapin","isPartOf":{"@id":"https:\/\/spence-chapin.org\/#website"},"primaryImageOfPage":{"@id":"https:\/\/spence-chapin.org\/news\/new-podcast-focused-on-adoption\/#primaryimage"},"image":{"@id":"https:\/\/spence-chapin.org\/news\/new-podcast-focused-on-adoption\/#primaryimage"},"thumbnailUrl":"https:\/\/spence-chapin.org\/wp-content\/uploads\/2022\/03\/41af1994-8724-44e3-b41a-7ac3a5a446b4.jpeg","datePublished":"2022-03-17T17:21:57+00:00","dateModified":"2022-03-17T18:28:19+00:00","breadcrumb":{"@id":"https:\/\/spence-chapin.org\/news\/new-podcast-focused-on-adoption\/#breadcrumb"},"inLanguage":"es","potentialAction":[{"@type":"ReadAction","target":["https:\/\/spence-chapin.org\/news\/new-podcast-focused-on-adoption\/"]}]},{"@type":"ImageObject","inLanguage":"es","@id":"https:\/\/spence-chapin.org\/news\/new-podcast-focused-on-adoption\/#primaryimage","url":"https:\/\/spence-chapin.org\/wp-content\/uploads\/2022\/03\/41af1994-8724-44e3-b41a-7ac3a5a446b4.jpeg","contentUrl":"https:\/\/spence-chapin.org\/wp-content\/uploads\/2022\/03\/41af1994-8724-44e3-b41a-7ac3a5a446b4.jpeg","width":400,"height":400,"caption":"41af1994 8724 44e3 b41a 7ac3a5a446b4"},{"@type":"BreadcrumbList","@id":"https:\/\/spence-chapin.org\/news\/new-podcast-focused-on-adoption\/#breadcrumb","itemListElement":[{"@type":"ListItem","position":1,"name":"Home","item":"https:\/\/spence-chapin.org\/"},{"@type":"ListItem","position":2,"name":"Spence-Chapin Services to Families &#038; Children Launches New Podcast Focused on Adoption\ufffc"}]},{"@type":"WebSite","@id":"https:\/\/spence-chapin.org\/#website","url":"https:\/\/spence-chapin.org\/","name":"Spence-Chapin","description":"Servicios para familias y ni\u00f1os","publisher":{"@id":"https:\/\/spence-chapin.org\/#organization"},"potentialAction":[{"@type":"SearchAction","target":{"@type":"EntryPoint","urlTemplate":"https:\/\/spence-chapin.org\/?s={search_term_string}"},"query-input":{"@type":"PropertyValueSpecification","valueRequired":true,"valueName":"search_term_string"}}],"inLanguage":"es"},{"@type":"Organization","@id":"https:\/\/spence-chapin.org\/#organization","name":"Spence-Chapin","url":"https:\/\/spence-chapin.org\/","logo":{"@type":"ImageObject","inLanguage":"es","@id":"https:\/\/spence-chapin.org\/#\/schema\/logo\/image\/","url":"https:\/\/spence-chapin.org\/wp-content\/uploads\/2019\/10\/SC_logo_2019_color-2.png","contentUrl":"https:\/\/spence-chapin.org\/wp-content\/uploads\/2019\/10\/SC_logo_2019_color-2.png","width":273,"height":42,"caption":"Spence-Chapin"},"image":{"@id":"https:\/\/spence-chapin.org\/#\/schema\/logo\/image\/"}}]}},"_links":{"self":[{"href":"https:\/\/spence-chapin.org\/es\/wp-json\/wp\/v2\/news\/22650","targetHints":{"allow":["GET"]}}],"collection":[{"href":"https:\/\/spence-chapin.org\/es\/wp-json\/wp\/v2\/news"}],"about":[{"href":"https:\/\/spence-chapin.org\/es\/wp-json\/wp\/v2\/types\/news"}],"wp:featuredmedia":[{"embeddable":true,"href":"https:\/\/spence-chapin.org\/es\/wp-json\/wp\/v2\/media\/22652"}],"wp:attachment":[{"href":"https:\/\/spence-chapin.org\/es\/wp-json\/wp\/v2\/media?parent=22650"}],"curies":[{"name":"wp","href":"https:\/\/api.w.org\/{rel}","templated":true}]}}