{"id":18246,"date":"2021-05-19T11:26:40","date_gmt":"2021-05-19T15:26:40","guid":{"rendered":"https:\/\/spence-chapin.org\/?p=18246"},"modified":"2021-05-24T11:46:13","modified_gmt":"2021-05-24T15:46:13","slug":"crianza-de-los-hijos-a-traves-de-reflexiones-raciales","status":"publish","type":"post","link":"https:\/\/spence-chapin.org\/es\/parenting-across-race-reflections\/","title":{"rendered":"Crianza de padres sin importar raza: pensamientos, reflexiones y el futuro"},"content":{"rendered":"<p>El racismo, los prejuicios y la discriminaci\u00f3n son un problema sist\u00e9mico que afecta todos los aspectos de nuestras vidas, incluida la adopci\u00f3n. El personal de Spence-Chapin celebr\u00f3 un evento, originalmente titulado \u201cRaza y racismo\u201d, que cre\u00f3 un espacio para que los padres adoptivos hablaran sobre raza y racismo despu\u00e9s del asesinato de George Floyd el a\u00f1o pasado. Despu\u00e9s de nuestro primer evento en junio de 2020, quer\u00edamos continuar la conversaci\u00f3n sobre raza, racismo, prejuicio y discriminaci\u00f3n con familias adoptivas, ya sea que esperaran adoptar o ya fueran padres, y creamos un grupo recurrente. Las voces de los adultos adoptados fueron fundamentales en esta discusi\u00f3n y agradecemos a quienes ofrecieron su tiempo como voluntarios para compartir sus historias, sugerencias y experiencias con los grupos. Durante el \u00faltimo a\u00f1o, hemos cubierto numerosos temas, incluido el odio contra los asi\u00e1ticos, el racismo en la comunidad latina, el colorismo, el regreso a la escuela, hablar con su familia extendida sobre raza, desarrollo de identidad, cuidado del cabello, relaciones entre hermanos y anti-asi\u00e1ticos. racismo y activismo. Padres de diversos or\u00edgenes, nacionalidades, razas, etnias e historias personales y de adopci\u00f3n se reunieron para discutir el impacto del racismo en ellos como individuos y sus familias. Aprendimos unos de otros, compartimos consejos y fomentamos una comunidad de adopci\u00f3n solidaria.<\/p>\n\n\n\n<p>A medida que avanzaba el a\u00f1o, la serie pas\u00f3 a llamarse \u201cParening Across Race\u201d, para abarcar a todas las familias adoptivas que puedan estar criando a un ni\u00f1o de una raza, etnia o origen cultural diferente al de ellos y compartir sus experiencias, alegr\u00edas y desaf\u00edos. El grupo ha obtenido muchos comentarios y adaptamos cada tema en funci\u00f3n de los comentarios y sugerencias de los asistentes. Muchas familias han expresado lo mucho que han aprendido y una comparti\u00f3: \u201c\u00a1Esto fue FABULOSO! Muchas gracias a todos. Qu\u00e9 gran participaci\u00f3n y se compartieron tantos recursos. \u00a1Nos encant\u00f3!&quot;<\/p>\n\n\n\n<p>Las discusiones sobre raza, racismo e identidad son conversaciones continuas que seguir\u00e1n cambiando con la sociedad, los acontecimientos actuales y a medida que las familias atraviesen su propio desarrollo y experiencias personales. Lo invitamos a unirse a nosotros en el oto\u00f1o de 2021 mientras continuamos estas importantes discusiones.<\/p>","protected":false},"excerpt":{"rendered":"<p>Racism, prejudice, and discrimination is a systemic problem that touches all aspects of our lives, including adoption. Spence-Chapin staff held an event, originally titled \u201cRace and Racism,\u201d which created a space for adoptive parents to talk about race and racism after the murder of George Floyd last year. After our first event in June 2020, [&hellip;]<\/p>\n","protected":false},"author":7,"featured_media":18270,"comment_status":"closed","ping_status":"open","sticky":false,"template":"","format":"standard","meta":{"_acf_changed":false,"give_campaign_id":0,"footnotes":""},"categories":[1],"tags":[],"class_list":["post-18246","post","type-post","status-publish","format-standard","has-post-thumbnail","hentry","category-uncategorized"],"acf":[],"yoast_head":"<!-- This site is optimized with the Yoast SEO plugin v27.4 - https:\/\/yoast.com\/product\/yoast-seo-wordpress\/ -->\n<title>Parenting Across Race: Thoughts, Reflections, and the Future - Spence-Chapin<\/title>\n<meta name=\"robots\" content=\"index, follow, max-snippet:-1, max-image-preview:large, max-video-preview:-1\" \/>\n<link rel=\"canonical\" href=\"https:\/\/spence-chapin.org\/es\/crianza-de-los-hijos-a-traves-de-reflexiones-raciales\/\" \/>\n<meta property=\"og:locale\" content=\"es_MX\" \/>\n<meta property=\"og:type\" content=\"article\" \/>\n<meta property=\"og:title\" content=\"Parenting Across Race: Thoughts, Reflections, and the Future - Spence-Chapin\" \/>\n<meta property=\"og:description\" content=\"Racism, prejudice, and discrimination is a systemic problem that touches all aspects of our lives, including adoption. Spence-Chapin staff held an event, originally titled \u201cRace and Racism,\u201d which created a space for adoptive parents to talk about race and racism after the murder of George Floyd last year. After our first event in June 2020, [&hellip;]\" \/>\n<meta property=\"og:url\" content=\"https:\/\/spence-chapin.org\/es\/crianza-de-los-hijos-a-traves-de-reflexiones-raciales\/\" \/>\n<meta property=\"og:site_name\" content=\"Spence-Chapin\" \/>\n<meta property=\"article:published_time\" content=\"2021-05-19T15:26:40+00:00\" \/>\n<meta property=\"article:modified_time\" content=\"2021-05-24T15:46:13+00:00\" \/>\n<meta property=\"og:image\" content=\"https:\/\/spence-chapin.org\/wp-content\/uploads\/2021\/05\/Adopting-Across-Race_png.png\" \/>\n\t<meta property=\"og:image:width\" content=\"1024\" \/>\n\t<meta property=\"og:image:height\" content=\"684\" \/>\n\t<meta property=\"og:image:type\" content=\"image\/png\" \/>\n<meta name=\"author\" content=\"Erin Brown\" \/>\n<meta name=\"twitter:card\" content=\"summary_large_image\" \/>\n<meta name=\"twitter:label1\" content=\"Escrito por\" \/>\n\t<meta name=\"twitter:data1\" content=\"Erin Brown\" \/>\n\t<meta name=\"twitter:label2\" content=\"Tiempo de lectura\" \/>\n\t<meta name=\"twitter:data2\" content=\"2 minutos\" \/>\n<!-- \/ Yoast SEO plugin. -->","yoast_head_json":{"title":"Crianza de padres sin importar raza: pensamientos, reflexiones y el futuro - Spence-Chapin","robots":{"index":"index","follow":"follow","max-snippet":"max-snippet:-1","max-image-preview":"max-image-preview:large","max-video-preview":"max-video-preview:-1"},"canonical":"https:\/\/spence-chapin.org\/es\/crianza-de-los-hijos-a-traves-de-reflexiones-raciales\/","og_locale":"es_MX","og_type":"article","og_title":"Parenting Across Race: Thoughts, Reflections, and the Future - Spence-Chapin","og_description":"Racism, prejudice, and discrimination is a systemic problem that touches all aspects of our lives, including adoption. Spence-Chapin staff held an event, originally titled \u201cRace and Racism,\u201d which created a space for adoptive parents to talk about race and racism after the murder of George Floyd last year. After our first event in June 2020, [&hellip;]","og_url":"https:\/\/spence-chapin.org\/es\/crianza-de-los-hijos-a-traves-de-reflexiones-raciales\/","og_site_name":"Spence-Chapin","article_published_time":"2021-05-19T15:26:40+00:00","article_modified_time":"2021-05-24T15:46:13+00:00","og_image":[{"width":1024,"height":684,"url":"https:\/\/spence-chapin.org\/wp-content\/uploads\/2021\/05\/Adopting-Across-Race_png.png","type":"image\/png"}],"author":"Erin Brown","twitter_card":"summary_large_image","twitter_misc":{"Escrito por":"Erin Brown","Tiempo de lectura":"2 minutos"},"schema":{"@context":"https:\/\/schema.org","@graph":[{"@type":"Article","@id":"https:\/\/spence-chapin.org\/parenting-across-race-reflections\/#article","isPartOf":{"@id":"https:\/\/spence-chapin.org\/parenting-across-race-reflections\/"},"author":{"name":"Erin Brown","@id":"https:\/\/spence-chapin.org\/#\/schema\/person\/f919de0f270d2c7aa9962a70afd71420"},"headline":"Parenting Across Race: Thoughts, Reflections, and the Future","datePublished":"2021-05-19T15:26:40+00:00","dateModified":"2021-05-24T15:46:13+00:00","mainEntityOfPage":{"@id":"https:\/\/spence-chapin.org\/parenting-across-race-reflections\/"},"wordCount":334,"publisher":{"@id":"https:\/\/spence-chapin.org\/#organization"},"image":{"@id":"https:\/\/spence-chapin.org\/parenting-across-race-reflections\/#primaryimage"},"thumbnailUrl":"https:\/\/spence-chapin.org\/wp-content\/uploads\/2021\/05\/Adopting-Across-Race_png.png","articleSection":["Uncategorized"],"inLanguage":"es"},{"@type":"WebPage","@id":"https:\/\/spence-chapin.org\/parenting-across-race-reflections\/","url":"https:\/\/spence-chapin.org\/parenting-across-race-reflections\/","name":"Crianza de padres sin importar raza: pensamientos, reflexiones y el futuro - Spence-Chapin","isPartOf":{"@id":"https:\/\/spence-chapin.org\/#website"},"primaryImageOfPage":{"@id":"https:\/\/spence-chapin.org\/parenting-across-race-reflections\/#primaryimage"},"image":{"@id":"https:\/\/spence-chapin.org\/parenting-across-race-reflections\/#primaryimage"},"thumbnailUrl":"https:\/\/spence-chapin.org\/wp-content\/uploads\/2021\/05\/Adopting-Across-Race_png.png","datePublished":"2021-05-19T15:26:40+00:00","dateModified":"2021-05-24T15:46:13+00:00","breadcrumb":{"@id":"https:\/\/spence-chapin.org\/parenting-across-race-reflections\/#breadcrumb"},"inLanguage":"es","potentialAction":[{"@type":"ReadAction","target":["https:\/\/spence-chapin.org\/parenting-across-race-reflections\/"]}]},{"@type":"ImageObject","inLanguage":"es","@id":"https:\/\/spence-chapin.org\/parenting-across-race-reflections\/#primaryimage","url":"https:\/\/spence-chapin.org\/wp-content\/uploads\/2021\/05\/Adopting-Across-Race_png.png","contentUrl":"https:\/\/spence-chapin.org\/wp-content\/uploads\/2021\/05\/Adopting-Across-Race_png.png","width":1024,"height":684,"caption":"Adopting Across Race png"},{"@type":"BreadcrumbList","@id":"https:\/\/spence-chapin.org\/parenting-across-race-reflections\/#breadcrumb","itemListElement":[{"@type":"ListItem","position":1,"name":"Home","item":"https:\/\/spence-chapin.org\/"},{"@type":"ListItem","position":2,"name":"Parenting Across Race: Thoughts, Reflections, and the Future"}]},{"@type":"WebSite","@id":"https:\/\/spence-chapin.org\/#website","url":"https:\/\/spence-chapin.org\/","name":"Spence-Chapin","description":"Servicios para familias y ni\u00f1os","publisher":{"@id":"https:\/\/spence-chapin.org\/#organization"},"potentialAction":[{"@type":"SearchAction","target":{"@type":"EntryPoint","urlTemplate":"https:\/\/spence-chapin.org\/?s={search_term_string}"},"query-input":{"@type":"PropertyValueSpecification","valueRequired":true,"valueName":"search_term_string"}}],"inLanguage":"es"},{"@type":"Organization","@id":"https:\/\/spence-chapin.org\/#organization","name":"Spence-Chapin","url":"https:\/\/spence-chapin.org\/","logo":{"@type":"ImageObject","inLanguage":"es","@id":"https:\/\/spence-chapin.org\/#\/schema\/logo\/image\/","url":"https:\/\/spence-chapin.org\/wp-content\/uploads\/2019\/10\/SC_logo_2019_color-2.png","contentUrl":"https:\/\/spence-chapin.org\/wp-content\/uploads\/2019\/10\/SC_logo_2019_color-2.png","width":273,"height":42,"caption":"Spence-Chapin"},"image":{"@id":"https:\/\/spence-chapin.org\/#\/schema\/logo\/image\/"}},{"@type":"Person","@id":"https:\/\/spence-chapin.org\/#\/schema\/person\/f919de0f270d2c7aa9962a70afd71420","name":"Erin Brown","image":{"@type":"ImageObject","inLanguage":"es","@id":"https:\/\/secure.gravatar.com\/avatar\/c6aa27a97a0eb258f431ca3a1554c6777ff808b4f5a0cd7032d85f880fa067fc?s=96&d=mm&r=g","url":"https:\/\/secure.gravatar.com\/avatar\/c6aa27a97a0eb258f431ca3a1554c6777ff808b4f5a0cd7032d85f880fa067fc?s=96&d=mm&r=g","contentUrl":"https:\/\/secure.gravatar.com\/avatar\/c6aa27a97a0eb258f431ca3a1554c6777ff808b4f5a0cd7032d85f880fa067fc?s=96&d=mm&r=g","caption":"Erin Brown"},"url":"https:\/\/spence-chapin.org\/es\/author\/ebrown\/"}]}},"_links":{"self":[{"href":"https:\/\/spence-chapin.org\/es\/wp-json\/wp\/v2\/posts\/18246","targetHints":{"allow":["GET"]}}],"collection":[{"href":"https:\/\/spence-chapin.org\/es\/wp-json\/wp\/v2\/posts"}],"about":[{"href":"https:\/\/spence-chapin.org\/es\/wp-json\/wp\/v2\/types\/post"}],"author":[{"embeddable":true,"href":"https:\/\/spence-chapin.org\/es\/wp-json\/wp\/v2\/users\/7"}],"replies":[{"embeddable":true,"href":"https:\/\/spence-chapin.org\/es\/wp-json\/wp\/v2\/comments?post=18246"}],"version-history":[{"count":0,"href":"https:\/\/spence-chapin.org\/es\/wp-json\/wp\/v2\/posts\/18246\/revisions"}],"wp:featuredmedia":[{"embeddable":true,"href":"https:\/\/spence-chapin.org\/es\/wp-json\/wp\/v2\/media\/18270"}],"wp:attachment":[{"href":"https:\/\/spence-chapin.org\/es\/wp-json\/wp\/v2\/media?parent=18246"}],"wp:term":[{"taxonomy":"category","embeddable":true,"href":"https:\/\/spence-chapin.org\/es\/wp-json\/wp\/v2\/categories?post=18246"},{"taxonomy":"post_tag","embeddable":true,"href":"https:\/\/spence-chapin.org\/es\/wp-json\/wp\/v2\/tags?post=18246"}],"curies":[{"name":"wp","href":"https:\/\/api.w.org\/{rel}","templated":true}]}}