{"id":7015,"date":"2018-03-10T04:50:00","date_gmt":"2018-03-09T16:50:00","guid":{"rendered":"https:\/\/spence-chapin.org\/blog-gala-2018\/"},"modified":"2019-12-17T07:08:39","modified_gmt":"2019-12-16T19:08:39","slug":"gala-2018","status":"publish","type":"post","link":"https:\/\/spence-chapin.org\/es\/gala-2018\/","title":{"rendered":"Lo m\u00e1s destacado de la Gala 2018: una velada que celebra a la familia"},"content":{"rendered":"<p>La Gala 2018 de Spence-Chapin del jueves 3 de mayo tuvo como tema \u201cTodo ni\u00f1o merece una familia\u201d, un principio rector de la organizaci\u00f3n a lo largo de sus 110 a\u00f1os de historia. Y si bien el evento realmente reflej\u00f3 este concepto, lo present\u00f3 a trav\u00e9s del lente de crear familia, destacando las muchas, variadas y hermosas maneras en que todos construimos una familia.<\/p>\n\n\n\n<p>Alojado en el encantador <em>Actual en los muelles de Chelsea<\/em> En la ciudad de Nueva York, el evento incluy\u00f3 una subasta silenciosa, un c\u00f3ctel y una cena con vista al r\u00edo Hudson. David Price, meteor\u00f3logo del Storm Team 4 de NBC New York, regres\u00f3 por segundo a\u00f1o para presidir la velada. Al abrir el programa con algunas bromas animadas e ingeniosas, Price present\u00f3 al presidente y director ejecutivo de Spence-Chapin, Adam Cotummacio, para establecer el tono de la velada.<\/p>\n\n\n\n<div class=\"wp-block-image\"><figure class=\"alignright is-resized\"><img fetchpriority=\"high\" decoding=\"async\" src=\"https:\/\/spence-chapin.org\/wp-content\/uploads\/2019\/10\/Blog-5-1024x873.jpg\" alt=\"\" width=\"274\" height=\"233\"\/><\/figure><\/div>\n\n\n\n<p>El Sr. Cotummacio habl\u00f3 sobre las formas en que cada familia crea de manera \u00fanica su propio ambiente especial, tal vez a trav\u00e9s de un conjunto de reglas dom\u00e9sticas sobre las tareas del hogar o mirar televisi\u00f3n que pueden parecer extra\u00f1as para el forastero, o a trav\u00e9s de tradiciones que se establecen y se llevan a cabo todos los a\u00f1os sin pregunta\u2014y de esta manera, comienza a construir una familia, ese sentido de pertenencia y seguridad.<\/p>\n\n\n\n<p>Luego subi\u00f3 al escenario Hardie Stevens, un empresario y adoptado a trav\u00e9s de Spence-Chapin. El Sr. Stevens habl\u00f3 sobre la importancia de la adopci\u00f3n como una experiencia para toda la vida y las formas \u00fanicas en que ha moldeado su visi\u00f3n de la familia.<\/p>\n\n\n\n<p>Luego, Spence-Chapin estren\u00f3 su cortometraje, \u201cFamily\u201d, que narra c\u00f3mo Spence-Chapin ayuda a formar familias amorosas, enriquecedoras y permanentes a trav\u00e9s de sus programas de adopci\u00f3n nacionales, internacionales y con necesidades especiales; sus programas de cuidado provisional y para abuelas que brindan atenci\u00f3n continua a beb\u00e9s y ni\u00f1os; y su asesoramiento imparcial para mujeres embarazadas y padres biol\u00f3gicos mientras navegan por las diferentes opciones disponibles para ellos.<\/p>\n\n\n\n<p>En un lugar destacado de la pel\u00edcula aparece la propia familiar de Spence-Chapin, Antoinette Cockerham, empleada de Spence-Chapin durante 25 a\u00f1os y ganadora esa noche de su Lifetime Achievement Award. La Sra. Cockerham, o &quot;Toni&quot;, como la conocen entre amigos, se desempe\u00f1\u00f3 como Directora de Programas Dom\u00e9sticos en Spence y ayud\u00f3 a crear cientos de familias a trav\u00e9s de la adopci\u00f3n durante su mandato.<\/p>\n\n\n\n<div class=\"wp-block-image\"><figure class=\"alignleft is-resized\"><img decoding=\"async\" src=\"https:\/\/spence-chapin.org\/wp-content\/uploads\/2019\/10\/Blog-2-1024x576.jpg\" alt=\"\" width=\"326\" height=\"183\"\/><\/figure><\/div>\n\n\n\n<p>El presidente de la junta de Spence-Chapin, Ian Rowe, entreg\u00f3 el premio a la Sra. Cockerham y dijo unas pocas palabras sobre su propio viaje y el de su esposa en una adopci\u00f3n abierta a trav\u00e9s de Spence-Chapin, y la hermosa familia que han creado. En sus amables palabras de aceptaci\u00f3n, la Sra. Cockerham se\u00f1al\u00f3 los muchos desaf\u00edos que a\u00fan quedan por delante y el importante trabajo que Spence-Chapin debe continuar haciendo y puede lograr con apoyo.<\/p>\n\n\n\n<div class=\"wp-block-image\"><figure class=\"alignright is-resized\"><img decoding=\"async\" src=\"https:\/\/spence-chapin.org\/wp-content\/uploads\/2019\/10\/Blog-3-1024x852.jpg\" alt=\"\" width=\"277\" height=\"230\"\/><\/figure><\/div>\n\n\n\n<p>Ese apoyo se hizo palpable cuando el subastador de celebridades CK Swett subi\u00f3 al escenario y lider\u00f3 un momento de compromiso directo que ayud\u00f3 a recaudar $80,000 para los programas de la organizaci\u00f3n en tan solo unos minutos. Fue una espectacular efusi\u00f3n de apoyo al trabajo que Spence-Chapin ha realizado a lo largo de su dilatada historia y que realizar\u00e1 en el futuro.<\/p>\n\n\n\n<p>M\u00e1s tarde esa noche, el Sr. Cotummacio reflexion\u00f3 sobre toda la velada y sobre el papel integral que Spence-Chapin ha podido desempe\u00f1ar en las vidas de tantos ni\u00f1os y familias:<\/p>\n\n\n\n<p>\u201cSpence-Chapin es verdaderamente una organizaci\u00f3n \u00fanica. La Gala de este a\u00f1o estuvo dedicada al trabajo que hemos realizado sirviendo como parte del tejido conectivo a miles de familias a lo largo de nuestros 110 a\u00f1os de historia. El evento nos permiti\u00f3 celebrar la familia y la adopci\u00f3n abierta en todas sus formas intrincadas, amorosas, desafiantes y maravillosas. Estar\u00e9 eternamente agradecido a nuestro incre\u00edble personal y el impacto que generan cada d\u00eda. <em>el estilo Spence-Chapin <\/em>ayudando a crear familias fuertes y brindando a las mujeres en crisis el apoyo y el asesoramiento necesarios para tomar decisiones informadas sobre sus opciones\u201d.<\/p>\n\n\n\n<p><a href=\"https:\/\/spence-chapin.org\/es\/\" target=\"_blank\" rel=\"noreferrer noopener\">Spence-Chapin<\/a> agradece a su Comit\u00e9 de Gala, Junta Directiva, asistentes y seguidores por hacer que esta noche fuera exitosa y maravillosa. Por favor aseg\u00farese de ver el <a href=\"https:\/\/spence-chapin.org\/es\/2018-gala-pictures\/\" target=\"_blank\" rel=\"noreferrer noopener\">fotos del evento<\/a> y el destacado <a href=\"https:\/\/spence-chapin.org\/es\/hogar\/#family\" target=\"_blank\" rel=\"noreferrer noopener\">cortometraje \u201cFamilia.<\/a>&quot;<\/p>","protected":false},"excerpt":{"rendered":"<p>Spence-Chapin\u2019s 2018 Gala on Thursday, May 3rd was themed, \u201cEvery child deserves a family\u201d\u2014a guiding principle of the organization over its 110-year history. And while the event truly reflected this concept, it presented it through the lens of creating family, highlighting the many varied and beautiful ways in which we all build family. Hosted at [&hellip;]<\/p>\n","protected":false},"author":3,"featured_media":3859,"comment_status":"closed","ping_status":"open","sticky":false,"template":"","format":"standard","meta":{"_acf_changed":false,"give_campaign_id":0,"footnotes":""},"categories":[1043,1037,1023,1038,1052,1080,1077,1078,1081],"tags":[3634,74,110,106,107,111],"class_list":["post-7015","post","type-post","status-publish","format-standard","has-post-thumbnail","hentry","category-adoption","category-adoption-news","category-child-adoption","category-events","category-family","category-family-video","category-gala","category-spence-chapin-gala","category-spence-chapin-way","tag-2018-gala","tag-family","tag-family-video","tag-gala","tag-spence-chapin-gala","tag-spence-chapin-way"],"acf":[],"yoast_head":"<!-- This site is optimized with the Yoast SEO plugin v27.4 - https:\/\/yoast.com\/product\/yoast-seo-wordpress\/ -->\n<title>Highlights of the 2018 Gala: An Evening Celebrating Family - Spence-Chapin<\/title>\n<meta name=\"robots\" content=\"index, follow, max-snippet:-1, max-image-preview:large, max-video-preview:-1\" \/>\n<link rel=\"canonical\" href=\"https:\/\/spence-chapin.org\/es\/gala-2018\/\" \/>\n<meta property=\"og:locale\" content=\"es_MX\" \/>\n<meta property=\"og:type\" content=\"article\" \/>\n<meta property=\"og:title\" content=\"Highlights of the 2018 Gala: An Evening Celebrating Family - Spence-Chapin\" \/>\n<meta property=\"og:description\" content=\"Spence-Chapin\u2019s 2018 Gala on Thursday, May 3rd was themed, \u201cEvery child deserves a family\u201d\u2014a guiding principle of the organization over its 110-year history. And while the event truly reflected this concept, it presented it through the lens of creating family, highlighting the many varied and beautiful ways in which we all build family. Hosted at [&hellip;]\" \/>\n<meta property=\"og:url\" content=\"https:\/\/spence-chapin.org\/es\/gala-2018\/\" \/>\n<meta property=\"og:site_name\" content=\"Spence-Chapin\" \/>\n<meta property=\"article:published_time\" content=\"2018-03-09T16:50:00+00:00\" \/>\n<meta property=\"article:modified_time\" content=\"2019-12-16T19:08:39+00:00\" \/>\n<meta property=\"og:image\" content=\"https:\/\/spence-chapin.org\/wp-content\/uploads\/2019\/10\/Blog-1-1024x683.jpg\" \/>\n\t<meta property=\"og:image:width\" content=\"1024\" \/>\n\t<meta property=\"og:image:height\" content=\"683\" \/>\n\t<meta property=\"og:image:type\" content=\"image\/jpeg\" \/>\n<meta name=\"author\" content=\"Spence-Chapin Contributor\" \/>\n<meta name=\"twitter:card\" content=\"summary_large_image\" \/>\n<meta name=\"twitter:label1\" content=\"Escrito por\" \/>\n\t<meta name=\"twitter:data1\" content=\"Spence-Chapin Contributor\" \/>\n\t<meta name=\"twitter:label2\" content=\"Tiempo de lectura\" \/>\n\t<meta name=\"twitter:data2\" content=\"3 minutos\" \/>\n<!-- \/ Yoast SEO plugin. -->","yoast_head_json":{"title":"Lo m\u00e1s destacado de la Gala 2018: una velada que celebra a la familia - Spence-Chapin","robots":{"index":"index","follow":"follow","max-snippet":"max-snippet:-1","max-image-preview":"max-image-preview:large","max-video-preview":"max-video-preview:-1"},"canonical":"https:\/\/spence-chapin.org\/es\/gala-2018\/","og_locale":"es_MX","og_type":"article","og_title":"Highlights of the 2018 Gala: An Evening Celebrating Family - Spence-Chapin","og_description":"Spence-Chapin\u2019s 2018 Gala on Thursday, May 3rd was themed, \u201cEvery child deserves a family\u201d\u2014a guiding principle of the organization over its 110-year history. And while the event truly reflected this concept, it presented it through the lens of creating family, highlighting the many varied and beautiful ways in which we all build family. Hosted at [&hellip;]","og_url":"https:\/\/spence-chapin.org\/es\/gala-2018\/","og_site_name":"Spence-Chapin","article_published_time":"2018-03-09T16:50:00+00:00","article_modified_time":"2019-12-16T19:08:39+00:00","og_image":[{"width":1024,"height":683,"url":"https:\/\/spence-chapin.org\/wp-content\/uploads\/2019\/10\/Blog-1-1024x683.jpg","type":"image\/jpeg"}],"author":"Spence-Chapin Contributor","twitter_card":"summary_large_image","twitter_misc":{"Escrito por":"Spence-Chapin Contributor","Tiempo de lectura":"3 minutos"},"schema":{"@context":"https:\/\/schema.org","@graph":[{"@type":"Article","@id":"https:\/\/spence-chapin.org\/gala-2018\/#article","isPartOf":{"@id":"https:\/\/spence-chapin.org\/gala-2018\/"},"author":{"name":"Spence-Chapin Contributor","@id":"https:\/\/spence-chapin.org\/#\/schema\/person\/ccc655c14077f124a0a345b38d348019"},"headline":"Highlights of the 2018 Gala: An Evening Celebrating Family","datePublished":"2018-03-09T16:50:00+00:00","dateModified":"2019-12-16T19:08:39+00:00","mainEntityOfPage":{"@id":"https:\/\/spence-chapin.org\/gala-2018\/"},"wordCount":636,"publisher":{"@id":"https:\/\/spence-chapin.org\/#organization"},"image":{"@id":"https:\/\/spence-chapin.org\/gala-2018\/#primaryimage"},"thumbnailUrl":"https:\/\/spence-chapin.org\/wp-content\/uploads\/2019\/10\/Blog-1-1024x683.jpg","keywords":["2018 gala","family","family video","gala","spence-chapin gala","spence-chapin way"],"articleSection":["Adoption","Adoption News","child adoption","Events ...","family","family video","gala","spence-chapin gala","spence-chapin way"],"inLanguage":"es"},{"@type":"WebPage","@id":"https:\/\/spence-chapin.org\/gala-2018\/","url":"https:\/\/spence-chapin.org\/gala-2018\/","name":"Lo m\u00e1s destacado de la Gala 2018: una velada que celebra a la familia - Spence-Chapin","isPartOf":{"@id":"https:\/\/spence-chapin.org\/#website"},"primaryImageOfPage":{"@id":"https:\/\/spence-chapin.org\/gala-2018\/#primaryimage"},"image":{"@id":"https:\/\/spence-chapin.org\/gala-2018\/#primaryimage"},"thumbnailUrl":"https:\/\/spence-chapin.org\/wp-content\/uploads\/2019\/10\/Blog-1-1024x683.jpg","datePublished":"2018-03-09T16:50:00+00:00","dateModified":"2019-12-16T19:08:39+00:00","breadcrumb":{"@id":"https:\/\/spence-chapin.org\/gala-2018\/#breadcrumb"},"inLanguage":"es","potentialAction":[{"@type":"ReadAction","target":["https:\/\/spence-chapin.org\/gala-2018\/"]}]},{"@type":"ImageObject","inLanguage":"es","@id":"https:\/\/spence-chapin.org\/gala-2018\/#primaryimage","url":"https:\/\/spence-chapin.org\/wp-content\/uploads\/2019\/10\/Blog-1-1024x683.jpg","contentUrl":"https:\/\/spence-chapin.org\/wp-content\/uploads\/2019\/10\/Blog-1-1024x683.jpg","width":1024,"height":683,"caption":"Blog 1 1024x683"},{"@type":"BreadcrumbList","@id":"https:\/\/spence-chapin.org\/gala-2018\/#breadcrumb","itemListElement":[{"@type":"ListItem","position":1,"name":"Home","item":"https:\/\/spence-chapin.org\/"},{"@type":"ListItem","position":2,"name":"Highlights of the 2018 Gala: An Evening Celebrating Family"}]},{"@type":"WebSite","@id":"https:\/\/spence-chapin.org\/#website","url":"https:\/\/spence-chapin.org\/","name":"Spence-Chapin","description":"Servicios para familias y ni\u00f1os","publisher":{"@id":"https:\/\/spence-chapin.org\/#organization"},"potentialAction":[{"@type":"SearchAction","target":{"@type":"EntryPoint","urlTemplate":"https:\/\/spence-chapin.org\/?s={search_term_string}"},"query-input":{"@type":"PropertyValueSpecification","valueRequired":true,"valueName":"search_term_string"}}],"inLanguage":"es"},{"@type":"Organization","@id":"https:\/\/spence-chapin.org\/#organization","name":"Spence-Chapin","url":"https:\/\/spence-chapin.org\/","logo":{"@type":"ImageObject","inLanguage":"es","@id":"https:\/\/spence-chapin.org\/#\/schema\/logo\/image\/","url":"https:\/\/spence-chapin.org\/wp-content\/uploads\/2019\/10\/SC_logo_2019_color-2.png","contentUrl":"https:\/\/spence-chapin.org\/wp-content\/uploads\/2019\/10\/SC_logo_2019_color-2.png","width":273,"height":42,"caption":"Spence-Chapin"},"image":{"@id":"https:\/\/spence-chapin.org\/#\/schema\/logo\/image\/"}},{"@type":"Person","@id":"https:\/\/spence-chapin.org\/#\/schema\/person\/ccc655c14077f124a0a345b38d348019","name":"Spence-Chapin Contributor","image":{"@type":"ImageObject","inLanguage":"es","@id":"https:\/\/secure.gravatar.com\/avatar\/a5eb212b58b1f36abe8233bfa5408ed465949fa04ed959684e67152261f309d7?s=96&d=mm&r=g","url":"https:\/\/secure.gravatar.com\/avatar\/a5eb212b58b1f36abe8233bfa5408ed465949fa04ed959684e67152261f309d7?s=96&d=mm&r=g","contentUrl":"https:\/\/secure.gravatar.com\/avatar\/a5eb212b58b1f36abe8233bfa5408ed465949fa04ed959684e67152261f309d7?s=96&d=mm&r=g","caption":"Spence-Chapin Contributor"},"url":"https:\/\/spence-chapin.org\/es\/author\/spencechapincontributor\/"}]}},"_links":{"self":[{"href":"https:\/\/spence-chapin.org\/es\/wp-json\/wp\/v2\/posts\/7015","targetHints":{"allow":["GET"]}}],"collection":[{"href":"https:\/\/spence-chapin.org\/es\/wp-json\/wp\/v2\/posts"}],"about":[{"href":"https:\/\/spence-chapin.org\/es\/wp-json\/wp\/v2\/types\/post"}],"author":[{"embeddable":true,"href":"https:\/\/spence-chapin.org\/es\/wp-json\/wp\/v2\/users\/3"}],"replies":[{"embeddable":true,"href":"https:\/\/spence-chapin.org\/es\/wp-json\/wp\/v2\/comments?post=7015"}],"version-history":[{"count":0,"href":"https:\/\/spence-chapin.org\/es\/wp-json\/wp\/v2\/posts\/7015\/revisions"}],"wp:featuredmedia":[{"embeddable":true,"href":"https:\/\/spence-chapin.org\/es\/wp-json\/wp\/v2\/media\/3859"}],"wp:attachment":[{"href":"https:\/\/spence-chapin.org\/es\/wp-json\/wp\/v2\/media?parent=7015"}],"wp:term":[{"taxonomy":"category","embeddable":true,"href":"https:\/\/spence-chapin.org\/es\/wp-json\/wp\/v2\/categories?post=7015"},{"taxonomy":"post_tag","embeddable":true,"href":"https:\/\/spence-chapin.org\/es\/wp-json\/wp\/v2\/tags?post=7015"}],"curies":[{"name":"wp","href":"https:\/\/api.w.org\/{rel}","templated":true}]}}