{"id":7018,"date":"2017-04-03T22:00:41","date_gmt":"2017-04-03T10:00:41","guid":{"rendered":"https:\/\/spence-chapin.org\/blog-news_and_events-nyc-pride-march-save-the-date\/"},"modified":"2019-12-17T07:30:16","modified_gmt":"2019-12-16T19:30:16","slug":"marcha-del-orgullo-de-nueva-york-reserva-la-fecha","status":"publish","type":"post","link":"https:\/\/spence-chapin.org\/es\/nyc-pride-march-save-the-date\/","title":{"rendered":"Marcha del Orgullo de Nueva York: reserve la fecha"},"content":{"rendered":"<p class=\"\" style=\"white-space: pre-wrap;\">\u00a1El a\u00f1o pasado, el personal y la comunidad de Spence-Chapin participaron en la Marcha del Orgullo de Nueva York por primera vez y tuvieron una experiencia memorable! \u00a1Estamos encantados de caminar en la Marcha junto a los padres LGBTQ, sus familias y sus aliados nuevamente el 25 de junio y te invitamos a unirte a nosotros! Aprendimos mucho el a\u00f1o pasado. Aqu\u00ed hay cinco conclusiones clave.<\/p>\n<p class=\"\" style=\"white-space: pre-wrap;\">1. Hay m\u00faltiples puntos de salida a lo largo de la marcha. \u00a1Ven a caminar con nosotros unas cuadras o todo el recorrido!<\/p>\n<p class=\"\" style=\"white-space: pre-wrap;\">2. A los contingentes que marchan se les dan horarios de entrada y salida. Esperaremos en el \u00e1rea de formaci\u00f3n cerca de la Estaci\u00f3n Grand Central durante aproximadamente 2 horas antes de que nuestro grupo entre oficialmente a la marcha. Si te unes a nosotros, te animamos a traer comida, agua, protector solar y otras necesidades. Hay instalaciones de socorro port\u00e1tiles y estaciones de llenado de agua en varios puntos dentro del \u00e1rea de formaci\u00f3n.<\/p>\n<p class=\"\" style=\"white-space: pre-wrap;\">3. Dado que tendremos ni\u00f1os peque\u00f1os en nuestro grupo, es probable que nos coloquen al frente de la marcha, lo que significa menos tiempo de espera en el \u00e1rea de formaci\u00f3n.<\/p>\n<p class=\"\" style=\"white-space: pre-wrap;\">4. La marcha suele tardar entre 60 y 90 minutos en viajar desde la formaci\u00f3n hasta el \u00e1rea de dispersi\u00f3n (cerca de Stonewall Inn).<\/p>\n<p class=\"\" style=\"white-space: pre-wrap;\">5. \u00a1Tuvimos un d\u00eda divertido y gratificante bajo el sol! Fue incre\u00edble escuchar a los espectadores a lo largo de la ruta contar c\u00f3mo estaban conectados con la comunidad de adopci\u00f3n.<\/p>\n<p class=\"\" style=\"white-space: pre-wrap;\">Todos est\u00e1n invitados a unirse a nosotros mientras celebramos a la comunidad LGBTQ, as\u00ed que traiga a sus familiares y amigos m\u00e1s cercanos. Correo electr\u00f3nico<a href=\"mailto:info@spence-chapin.org\"><strong> info@spence-chapin.org <\/strong><\/a>para obtener m\u00e1s informaci\u00f3n y registrarse!<\/p>","protected":false},"excerpt":{"rendered":"<p>Last year Spence-Chapin staff and community participated in the NYC Pride March for the first time and had a memorable experience! We\u2019re thrilled to be walking in the March alongside LGBTQ parents, their families, and their allies again on June 25th and we invite you to join us! We learned a lot last year. Here [&hellip;]<\/p>\n","protected":false},"author":3,"featured_media":3868,"comment_status":"closed","ping_status":"open","sticky":false,"template":"","format":"standard","meta":{"_acf_changed":false,"give_campaign_id":0,"footnotes":""},"categories":[1037,1038,45],"tags":[105,802,103,3644,91],"class_list":["post-7018","post","type-post","status-publish","format-standard","has-post-thumbnail","hentry","category-adoption-news","category-events","category-post-adoption","tag-lgbtq","tag-pride","tag-pride-march","tag-pride-month","tag-spence-chapin"],"acf":[],"yoast_head":"<!-- This site is optimized with the Yoast SEO plugin v27.4 - https:\/\/yoast.com\/product\/yoast-seo-wordpress\/ -->\n<title>NYC Pride March: Save the Date - Spence-Chapin<\/title>\n<meta name=\"robots\" content=\"index, follow, max-snippet:-1, max-image-preview:large, max-video-preview:-1\" \/>\n<link rel=\"canonical\" href=\"https:\/\/spence-chapin.org\/es\/marcha-del-orgullo-de-nueva-york-reserva-la-fecha\/\" \/>\n<meta property=\"og:locale\" content=\"es_MX\" \/>\n<meta property=\"og:type\" content=\"article\" \/>\n<meta property=\"og:title\" content=\"NYC Pride March: Save the Date - Spence-Chapin\" \/>\n<meta property=\"og:description\" content=\"Last year Spence-Chapin staff and community participated in the NYC Pride March for the first time and had a memorable experience! We\u2019re thrilled to be walking in the March alongside LGBTQ parents, their families, and their allies again on June 25th and we invite you to join us! We learned a lot last year. Here [&hellip;]\" \/>\n<meta property=\"og:url\" content=\"https:\/\/spence-chapin.org\/es\/marcha-del-orgullo-de-nueva-york-reserva-la-fecha\/\" \/>\n<meta property=\"og:site_name\" content=\"Spence-Chapin\" \/>\n<meta property=\"article:published_time\" content=\"2017-04-03T10:00:41+00:00\" \/>\n<meta property=\"article:modified_time\" content=\"2019-12-16T19:30:16+00:00\" \/>\n<meta property=\"og:image\" content=\"https:\/\/spence-chapin.org\/wp-content\/uploads\/2019\/10\/SC-pride-web.jpg\" \/>\n\t<meta property=\"og:image:width\" content=\"1112\" \/>\n\t<meta property=\"og:image:height\" content=\"628\" \/>\n\t<meta property=\"og:image:type\" content=\"image\/jpeg\" \/>\n<meta name=\"author\" content=\"Spence-Chapin Contributor\" \/>\n<meta name=\"twitter:card\" content=\"summary_large_image\" \/>\n<meta name=\"twitter:label1\" content=\"Escrito por\" \/>\n\t<meta name=\"twitter:data1\" content=\"Spence-Chapin Contributor\" \/>\n\t<meta name=\"twitter:label2\" content=\"Tiempo de lectura\" \/>\n\t<meta name=\"twitter:data2\" content=\"1 minuto\" \/>\n<!-- \/ Yoast SEO plugin. -->","yoast_head_json":{"title":"Marcha del Orgullo de Nueva York: reserve la fecha - Spence-Chapin","robots":{"index":"index","follow":"follow","max-snippet":"max-snippet:-1","max-image-preview":"max-image-preview:large","max-video-preview":"max-video-preview:-1"},"canonical":"https:\/\/spence-chapin.org\/es\/marcha-del-orgullo-de-nueva-york-reserva-la-fecha\/","og_locale":"es_MX","og_type":"article","og_title":"NYC Pride March: Save the Date - Spence-Chapin","og_description":"Last year Spence-Chapin staff and community participated in the NYC Pride March for the first time and had a memorable experience! We\u2019re thrilled to be walking in the March alongside LGBTQ parents, their families, and their allies again on June 25th and we invite you to join us! We learned a lot last year. Here [&hellip;]","og_url":"https:\/\/spence-chapin.org\/es\/marcha-del-orgullo-de-nueva-york-reserva-la-fecha\/","og_site_name":"Spence-Chapin","article_published_time":"2017-04-03T10:00:41+00:00","article_modified_time":"2019-12-16T19:30:16+00:00","og_image":[{"width":1112,"height":628,"url":"https:\/\/spence-chapin.org\/wp-content\/uploads\/2019\/10\/SC-pride-web.jpg","type":"image\/jpeg"}],"author":"Spence-Chapin Contributor","twitter_card":"summary_large_image","twitter_misc":{"Escrito por":"Spence-Chapin Contributor","Tiempo de lectura":"1 minuto"},"schema":{"@context":"https:\/\/schema.org","@graph":[{"@type":"Article","@id":"https:\/\/spence-chapin.org\/nyc-pride-march-save-the-date\/#article","isPartOf":{"@id":"https:\/\/spence-chapin.org\/nyc-pride-march-save-the-date\/"},"author":{"name":"Spence-Chapin Contributor","@id":"https:\/\/spence-chapin.org\/#\/schema\/person\/ccc655c14077f124a0a345b38d348019"},"headline":"NYC Pride March: Save the Date","datePublished":"2017-04-03T10:00:41+00:00","dateModified":"2019-12-16T19:30:16+00:00","mainEntityOfPage":{"@id":"https:\/\/spence-chapin.org\/nyc-pride-march-save-the-date\/"},"wordCount":247,"publisher":{"@id":"https:\/\/spence-chapin.org\/#organization"},"image":{"@id":"https:\/\/spence-chapin.org\/nyc-pride-march-save-the-date\/#primaryimage"},"thumbnailUrl":"https:\/\/spence-chapin.org\/wp-content\/uploads\/2019\/10\/SC-pride-web.jpg","keywords":["lgbtq","pride","pride march","pride month","Spence-Chapin"],"articleSection":["Adoption News","Events ...","Post-Adoption"],"inLanguage":"es"},{"@type":"WebPage","@id":"https:\/\/spence-chapin.org\/nyc-pride-march-save-the-date\/","url":"https:\/\/spence-chapin.org\/nyc-pride-march-save-the-date\/","name":"Marcha del Orgullo de Nueva York: reserve la fecha - Spence-Chapin","isPartOf":{"@id":"https:\/\/spence-chapin.org\/#website"},"primaryImageOfPage":{"@id":"https:\/\/spence-chapin.org\/nyc-pride-march-save-the-date\/#primaryimage"},"image":{"@id":"https:\/\/spence-chapin.org\/nyc-pride-march-save-the-date\/#primaryimage"},"thumbnailUrl":"https:\/\/spence-chapin.org\/wp-content\/uploads\/2019\/10\/SC-pride-web.jpg","datePublished":"2017-04-03T10:00:41+00:00","dateModified":"2019-12-16T19:30:16+00:00","breadcrumb":{"@id":"https:\/\/spence-chapin.org\/nyc-pride-march-save-the-date\/#breadcrumb"},"inLanguage":"es","potentialAction":[{"@type":"ReadAction","target":["https:\/\/spence-chapin.org\/nyc-pride-march-save-the-date\/"]}]},{"@type":"ImageObject","inLanguage":"es","@id":"https:\/\/spence-chapin.org\/nyc-pride-march-save-the-date\/#primaryimage","url":"https:\/\/spence-chapin.org\/wp-content\/uploads\/2019\/10\/SC-pride-web.jpg","contentUrl":"https:\/\/spence-chapin.org\/wp-content\/uploads\/2019\/10\/SC-pride-web.jpg","width":1112,"height":628,"caption":"SC pride web"},{"@type":"BreadcrumbList","@id":"https:\/\/spence-chapin.org\/nyc-pride-march-save-the-date\/#breadcrumb","itemListElement":[{"@type":"ListItem","position":1,"name":"Home","item":"https:\/\/spence-chapin.org\/"},{"@type":"ListItem","position":2,"name":"NYC Pride March: Save the Date"}]},{"@type":"WebSite","@id":"https:\/\/spence-chapin.org\/#website","url":"https:\/\/spence-chapin.org\/","name":"Spence-Chapin","description":"Servicios para familias y ni\u00f1os","publisher":{"@id":"https:\/\/spence-chapin.org\/#organization"},"potentialAction":[{"@type":"SearchAction","target":{"@type":"EntryPoint","urlTemplate":"https:\/\/spence-chapin.org\/?s={search_term_string}"},"query-input":{"@type":"PropertyValueSpecification","valueRequired":true,"valueName":"search_term_string"}}],"inLanguage":"es"},{"@type":"Organization","@id":"https:\/\/spence-chapin.org\/#organization","name":"Spence-Chapin","url":"https:\/\/spence-chapin.org\/","logo":{"@type":"ImageObject","inLanguage":"es","@id":"https:\/\/spence-chapin.org\/#\/schema\/logo\/image\/","url":"https:\/\/spence-chapin.org\/wp-content\/uploads\/2019\/10\/SC_logo_2019_color-2.png","contentUrl":"https:\/\/spence-chapin.org\/wp-content\/uploads\/2019\/10\/SC_logo_2019_color-2.png","width":273,"height":42,"caption":"Spence-Chapin"},"image":{"@id":"https:\/\/spence-chapin.org\/#\/schema\/logo\/image\/"}},{"@type":"Person","@id":"https:\/\/spence-chapin.org\/#\/schema\/person\/ccc655c14077f124a0a345b38d348019","name":"Spence-Chapin Contributor","image":{"@type":"ImageObject","inLanguage":"es","@id":"https:\/\/secure.gravatar.com\/avatar\/a5eb212b58b1f36abe8233bfa5408ed465949fa04ed959684e67152261f309d7?s=96&d=mm&r=g","url":"https:\/\/secure.gravatar.com\/avatar\/a5eb212b58b1f36abe8233bfa5408ed465949fa04ed959684e67152261f309d7?s=96&d=mm&r=g","contentUrl":"https:\/\/secure.gravatar.com\/avatar\/a5eb212b58b1f36abe8233bfa5408ed465949fa04ed959684e67152261f309d7?s=96&d=mm&r=g","caption":"Spence-Chapin Contributor"},"url":"https:\/\/spence-chapin.org\/es\/author\/spencechapincontributor\/"}]}},"_links":{"self":[{"href":"https:\/\/spence-chapin.org\/es\/wp-json\/wp\/v2\/posts\/7018","targetHints":{"allow":["GET"]}}],"collection":[{"href":"https:\/\/spence-chapin.org\/es\/wp-json\/wp\/v2\/posts"}],"about":[{"href":"https:\/\/spence-chapin.org\/es\/wp-json\/wp\/v2\/types\/post"}],"author":[{"embeddable":true,"href":"https:\/\/spence-chapin.org\/es\/wp-json\/wp\/v2\/users\/3"}],"replies":[{"embeddable":true,"href":"https:\/\/spence-chapin.org\/es\/wp-json\/wp\/v2\/comments?post=7018"}],"version-history":[{"count":0,"href":"https:\/\/spence-chapin.org\/es\/wp-json\/wp\/v2\/posts\/7018\/revisions"}],"wp:featuredmedia":[{"embeddable":true,"href":"https:\/\/spence-chapin.org\/es\/wp-json\/wp\/v2\/media\/3868"}],"wp:attachment":[{"href":"https:\/\/spence-chapin.org\/es\/wp-json\/wp\/v2\/media?parent=7018"}],"wp:term":[{"taxonomy":"category","embeddable":true,"href":"https:\/\/spence-chapin.org\/es\/wp-json\/wp\/v2\/categories?post=7018"},{"taxonomy":"post_tag","embeddable":true,"href":"https:\/\/spence-chapin.org\/es\/wp-json\/wp\/v2\/tags?post=7018"}],"curies":[{"name":"wp","href":"https:\/\/api.w.org\/{rel}","templated":true}]}}