{"id":7107,"date":"2019-01-16T06:32:00","date_gmt":"2019-01-15T18:32:00","guid":{"rendered":"https:\/\/spence-chapin.org\/blog-category-south-africa-adoption-story-kerri-and-nathan\/"},"modified":"2020-01-08T07:40:53","modified_gmt":"2020-01-07T19:40:53","slug":"historia-de-adopcion-en-sudafrica-kerri-y-nathan","status":"publish","type":"post","link":"https:\/\/spence-chapin.org\/es\/south-africa-adoption-story-kerri-and-nathan\/","title":{"rendered":"Historia de adopci\u00f3n en Sud\u00e1frica: Kerri y Nathan"},"content":{"rendered":"<p>\u201cLa forma en que surgi\u00f3 nuestra familia est\u00e1 fuera de lo que alguna vez pens\u00e9 o imagin\u00e9 para m\u00ed. La adopci\u00f3n nunca fue algo en lo que hab\u00eda pensado mucho, especialmente cuando se trataba de hacer crecer mi propia familia. Pero, cuando reflexiono, estoy muy agradecido de que mi familia se haya construido de esta manera. Ha sido construido de manera perfecta y hermosa, mejor de lo que jam\u00e1s hubiera anticipado o so\u00f1ado.<\/p>\n\n\n\n<p>La adopci\u00f3n lleg\u00f3 a mi vida y a la de mi esposo despu\u00e9s de luchar contra la infertilidad durante varios a\u00f1os despu\u00e9s del nacimiento de nuestro hijo. Esto nos llev\u00f3 a adoptar a una ni\u00f1a et\u00edope de 3 a\u00f1os, nuestra hija Elsa.<\/p>\n\n\n\n<p>Despu\u00e9s de ver la inmensa necesidad de tantos ni\u00f1os que no ten\u00edan familia, supimos que alg\u00fan d\u00eda volver\u00edamos a adoptar. Despu\u00e9s de unos a\u00f1os, trajimos a nuestro hijo, Asher, a casa desde Sud\u00e1frica. Ten\u00eda 2,5 a\u00f1os. \u00a1Poco despu\u00e9s supimos que est\u00e1bamos embarazadas! Nuestros ni\u00f1os tienen ahora 10, 8, 4 y 1 a\u00f1o.<\/p>\n\n\n\n<div class=\"wp-block-image wp-image-4114 size-full\"><figure class=\"alignright is-resized\"><img fetchpriority=\"high\" decoding=\"async\" src=\"https:\/\/spence-chapin.org\/wp-content\/uploads\/2019\/10\/D81_5920-small-e1575574963588.jpg\" alt=\"\" class=\"wp-image-4114\" width=\"290\" height=\"193\"\/><figcaption>Los cuatro hijos de Kerri y Nathan<\/figcaption><\/figure><\/div>\n\n\n\n<p>Como padre de dos hijos biol\u00f3gicos y dos hijos adoptados internacionalmente, debo decir que lo siento completamente normal. A menudo olvido que nuestra unidad familiar puede ser muy diferente a la de quienes nos rodean.<\/p>\n\n\n\n<p>Adoptar a nuestros hijos me ha tra\u00eddo exactamente los mismos sentimientos que tener a mis hijos biol\u00f3gicos. Sentimientos de inmenso amor, alegr\u00eda, protecci\u00f3n, esperanza para su futuro y preocupaci\u00f3n (por supuesto) sobre si estoy haciendo bien esto de ser padre. Ser padre es una monta\u00f1a rusa, con tantas emociones, altibajos. Cualquier ni\u00f1o, sin importar su origen, trae las mismas preocupaciones como padre.<\/p>\n\n\n\n<p>Una cosa que me ha ense\u00f1ado ser madre adoptiva es que necesito estar bien versada en la paternidad informada sobre el trauma. No importa cu\u00e1l sea la circunstancia, la necesidad especial o la edad que tenga el ni\u00f1o cuando es adoptado, todos han experimentado un gran trauma al ser separados de su familia de origen. Tener hijos adoptados significa disciplinar de manera diferente. Criar a dos ni\u00f1os que han tenido comienzos muy dif\u00edciles no es f\u00e1cil, de ninguna manera. Siento que educarme e implementar un enfoque diferente para disciplinar y ser padre es algo con lo que todo padre adoptivo debe comprometerse. Adem\u00e1s, creo que aprender estas incre\u00edbles t\u00e9cnicas de crianza me ha ayudado a ser una mejor madre para todos mis hijos.<\/p>\n\n\n\n<p>Tener un hijo biol\u00f3gico despu\u00e9s de adoptarlo ha generado grandes conversaciones con mis hijos sobre las primeras familias, lo que llamamos \u201cmam\u00e1s y pap\u00e1s panza\u201d y lo que significa tener un padre. Ha sido una experiencia incre\u00edble caminar junto a mis hijos mientras cada uno procesa su propia historia.<\/p>\n\n\n\n<p>Tener dos hijos africanos aporta una perspectiva completamente nueva a nuestra familia. Toda mi visi\u00f3n del mundo ha cambiado gracias a conocer a mis hijos adoptivos. El curso de mi vida, el curso de la vida de mi esposo, la vida de nuestros hijos biol\u00f3gicos y la vida de nuestra familia extendida se han abierto a un nuevo punto de vista a trav\u00e9s de nuestros hijos adoptivos. Todos tenemos la suerte de conocer a Elsa y Asher y hemos cambiado para mejor gracias a ellos.<\/p>\n\n\n\n<p>Gracias a Elsa y Asher, mi vida es rica y plena en formas que nunca hubiera experimentado. Mi familia es et\u00edope y sudafricana. He ganado dos culturas hermosas y diversas. Mi familia incluye su herencia en cada una de nuestras vidas a trav\u00e9s de la m\u00fasica, la comida y, lo m\u00e1s sorprendente, a trav\u00e9s de la incre\u00edble comunidad africana que hemos conocido aqu\u00ed, que ahora son como una familia.<\/p>\n\n\n\n<p>Hemos viajado a \u00c1frica varias veces desde que iniciamos el proceso de adopci\u00f3n, e incluso pasamos un mes juntos como familia en Sud\u00e1frica. Los recuerdos que creamos all\u00ed ser\u00e1n apreciados para siempre y los ni\u00f1os hablan a menudo de nuestras experiencias all\u00ed.<\/p>\n\n\n\n<p>Ser madre de hijos biol\u00f3gicos y adoptivos es una experiencia incre\u00edble que desear\u00eda que m\u00e1s personas consideraran. Para m\u00ed ha formado la familia m\u00e1s hermosa que jam\u00e1s podr\u00eda imaginar\u201d.<\/p>\n\n\n\n<p><strong>Obtenga m\u00e1s informaci\u00f3n sobre los programas de adopci\u00f3n internacional de Spence-Chapin <\/strong><a href=\"\/es\/adopcion-internacional\/\" target=\"_blank\" rel=\"noreferrer noopener\"><strong>aqu\u00ed<\/strong><\/a><strong>.<\/strong><\/p>","protected":false},"excerpt":{"rendered":"<p>\u201cThe way our family came to be is outside of what I ever thought, or envisioned, for myself. Adoption was never something that I had thought much about, especially when it came with growing my own family. But, when I reflect, I am so thankful that my family has been built in this way. It [&hellip;]<\/p>\n","protected":false},"author":3,"featured_media":4113,"comment_status":"closed","ping_status":"open","sticky":false,"template":"","format":"standard","meta":{"_acf_changed":false,"give_campaign_id":0,"footnotes":""},"categories":[1043,95,1021,56,380,1093],"tags":[65,993,33,97,3613,125,126,91],"class_list":["post-7107","post","type-post","status-publish","format-standard","has-post-thumbnail","hentry","category-adoption","category-black-history-month","category-family-story","category-international-adoption","category-south-africa","category-south-african-adoption","tag-adoption","tag-family-stories","tag-family-story","tag-international-adoption","tag-international-adoption-south-africa","tag-south-africa","tag-south-african-adoption","tag-spence-chapin"],"acf":[],"yoast_head":"<!-- This site is optimized with the Yoast SEO plugin v27.4 - https:\/\/yoast.com\/product\/yoast-seo-wordpress\/ -->\n<title>South Africa Adoption Story: Kerri and Nathan - Spence-Chapin<\/title>\n<meta name=\"robots\" content=\"index, follow, max-snippet:-1, max-image-preview:large, max-video-preview:-1\" \/>\n<link rel=\"canonical\" href=\"https:\/\/spence-chapin.org\/es\/historia-de-adopcion-en-sudafrica-kerri-y-nathan\/\" \/>\n<meta property=\"og:locale\" content=\"es_MX\" \/>\n<meta property=\"og:type\" content=\"article\" \/>\n<meta property=\"og:title\" content=\"South Africa Adoption Story: Kerri and Nathan - Spence-Chapin\" \/>\n<meta property=\"og:description\" content=\"\u201cThe way our family came to be is outside of what I ever thought, or envisioned, for myself. Adoption was never something that I had thought much about, especially when it came with growing my own family. But, when I reflect, I am so thankful that my family has been built in this way. It [&hellip;]\" \/>\n<meta property=\"og:url\" content=\"https:\/\/spence-chapin.org\/es\/historia-de-adopcion-en-sudafrica-kerri-y-nathan\/\" \/>\n<meta property=\"og:site_name\" content=\"Spence-Chapin\" \/>\n<meta property=\"article:published_time\" content=\"2019-01-15T18:32:00+00:00\" \/>\n<meta property=\"article:modified_time\" content=\"2020-01-07T19:40:53+00:00\" \/>\n<meta property=\"og:image\" content=\"https:\/\/spence-chapin.org\/wp-content\/uploads\/2019\/10\/D81_5865.jpg\" \/>\n\t<meta property=\"og:image:width\" content=\"1200\" \/>\n\t<meta property=\"og:image:height\" content=\"1798\" \/>\n\t<meta property=\"og:image:type\" content=\"image\/jpeg\" \/>\n<meta name=\"author\" content=\"Spence-Chapin Contributor\" \/>\n<meta name=\"twitter:card\" content=\"summary_large_image\" \/>\n<meta name=\"twitter:label1\" content=\"Escrito por\" \/>\n\t<meta name=\"twitter:data1\" content=\"Spence-Chapin Contributor\" \/>\n\t<meta name=\"twitter:label2\" content=\"Tiempo de lectura\" \/>\n\t<meta name=\"twitter:data2\" content=\"3 minutos\" \/>\n<!-- \/ Yoast SEO plugin. -->","yoast_head_json":{"title":"Historia de adopci\u00f3n en Sud\u00e1frica: Kerri y Nathan - Spence-Chapin","robots":{"index":"index","follow":"follow","max-snippet":"max-snippet:-1","max-image-preview":"max-image-preview:large","max-video-preview":"max-video-preview:-1"},"canonical":"https:\/\/spence-chapin.org\/es\/historia-de-adopcion-en-sudafrica-kerri-y-nathan\/","og_locale":"es_MX","og_type":"article","og_title":"South Africa Adoption Story: Kerri and Nathan - Spence-Chapin","og_description":"\u201cThe way our family came to be is outside of what I ever thought, or envisioned, for myself. Adoption was never something that I had thought much about, especially when it came with growing my own family. But, when I reflect, I am so thankful that my family has been built in this way. It [&hellip;]","og_url":"https:\/\/spence-chapin.org\/es\/historia-de-adopcion-en-sudafrica-kerri-y-nathan\/","og_site_name":"Spence-Chapin","article_published_time":"2019-01-15T18:32:00+00:00","article_modified_time":"2020-01-07T19:40:53+00:00","og_image":[{"width":1200,"height":1798,"url":"https:\/\/spence-chapin.org\/wp-content\/uploads\/2019\/10\/D81_5865.jpg","type":"image\/jpeg"}],"author":"Spence-Chapin Contributor","twitter_card":"summary_large_image","twitter_misc":{"Escrito por":"Spence-Chapin Contributor","Tiempo de lectura":"3 minutos"},"schema":{"@context":"https:\/\/schema.org","@graph":[{"@type":"Article","@id":"https:\/\/spence-chapin.org\/south-africa-adoption-story-kerri-and-nathan\/#article","isPartOf":{"@id":"https:\/\/spence-chapin.org\/south-africa-adoption-story-kerri-and-nathan\/"},"author":{"name":"Spence-Chapin Contributor","@id":"https:\/\/spence-chapin.org\/#\/schema\/person\/ccc655c14077f124a0a345b38d348019"},"headline":"South Africa Adoption Story: Kerri and Nathan","datePublished":"2019-01-15T18:32:00+00:00","dateModified":"2020-01-07T19:40:53+00:00","mainEntityOfPage":{"@id":"https:\/\/spence-chapin.org\/south-africa-adoption-story-kerri-and-nathan\/"},"wordCount":675,"publisher":{"@id":"https:\/\/spence-chapin.org\/#organization"},"image":{"@id":"https:\/\/spence-chapin.org\/south-africa-adoption-story-kerri-and-nathan\/#primaryimage"},"thumbnailUrl":"https:\/\/spence-chapin.org\/wp-content\/uploads\/2019\/10\/D81_5865.jpg","keywords":["Adoption","Family Stories","family story","International Adoption","international adoption. south Africa","South Africa","South African adoption","Spence-Chapin"],"articleSection":["Adoption","Black History Month","family story","International Adoption","South Africa","South African adoption"],"inLanguage":"es"},{"@type":"WebPage","@id":"https:\/\/spence-chapin.org\/south-africa-adoption-story-kerri-and-nathan\/","url":"https:\/\/spence-chapin.org\/south-africa-adoption-story-kerri-and-nathan\/","name":"Historia de adopci\u00f3n en Sud\u00e1frica: Kerri y Nathan - Spence-Chapin","isPartOf":{"@id":"https:\/\/spence-chapin.org\/#website"},"primaryImageOfPage":{"@id":"https:\/\/spence-chapin.org\/south-africa-adoption-story-kerri-and-nathan\/#primaryimage"},"image":{"@id":"https:\/\/spence-chapin.org\/south-africa-adoption-story-kerri-and-nathan\/#primaryimage"},"thumbnailUrl":"https:\/\/spence-chapin.org\/wp-content\/uploads\/2019\/10\/D81_5865.jpg","datePublished":"2019-01-15T18:32:00+00:00","dateModified":"2020-01-07T19:40:53+00:00","breadcrumb":{"@id":"https:\/\/spence-chapin.org\/south-africa-adoption-story-kerri-and-nathan\/#breadcrumb"},"inLanguage":"es","potentialAction":[{"@type":"ReadAction","target":["https:\/\/spence-chapin.org\/south-africa-adoption-story-kerri-and-nathan\/"]}]},{"@type":"ImageObject","inLanguage":"es","@id":"https:\/\/spence-chapin.org\/south-africa-adoption-story-kerri-and-nathan\/#primaryimage","url":"https:\/\/spence-chapin.org\/wp-content\/uploads\/2019\/10\/D81_5865.jpg","contentUrl":"https:\/\/spence-chapin.org\/wp-content\/uploads\/2019\/10\/D81_5865.jpg","width":1200,"height":1798,"caption":"D81 5865"},{"@type":"BreadcrumbList","@id":"https:\/\/spence-chapin.org\/south-africa-adoption-story-kerri-and-nathan\/#breadcrumb","itemListElement":[{"@type":"ListItem","position":1,"name":"Home","item":"https:\/\/spence-chapin.org\/"},{"@type":"ListItem","position":2,"name":"South Africa Adoption Story: Kerri and Nathan"}]},{"@type":"WebSite","@id":"https:\/\/spence-chapin.org\/#website","url":"https:\/\/spence-chapin.org\/","name":"Spence-Chapin","description":"Servicios para familias y ni\u00f1os","publisher":{"@id":"https:\/\/spence-chapin.org\/#organization"},"potentialAction":[{"@type":"SearchAction","target":{"@type":"EntryPoint","urlTemplate":"https:\/\/spence-chapin.org\/?s={search_term_string}"},"query-input":{"@type":"PropertyValueSpecification","valueRequired":true,"valueName":"search_term_string"}}],"inLanguage":"es"},{"@type":"Organization","@id":"https:\/\/spence-chapin.org\/#organization","name":"Spence-Chapin","url":"https:\/\/spence-chapin.org\/","logo":{"@type":"ImageObject","inLanguage":"es","@id":"https:\/\/spence-chapin.org\/#\/schema\/logo\/image\/","url":"https:\/\/spence-chapin.org\/wp-content\/uploads\/2019\/10\/SC_logo_2019_color-2.png","contentUrl":"https:\/\/spence-chapin.org\/wp-content\/uploads\/2019\/10\/SC_logo_2019_color-2.png","width":273,"height":42,"caption":"Spence-Chapin"},"image":{"@id":"https:\/\/spence-chapin.org\/#\/schema\/logo\/image\/"}},{"@type":"Person","@id":"https:\/\/spence-chapin.org\/#\/schema\/person\/ccc655c14077f124a0a345b38d348019","name":"Spence-Chapin Contributor","image":{"@type":"ImageObject","inLanguage":"es","@id":"https:\/\/secure.gravatar.com\/avatar\/a5eb212b58b1f36abe8233bfa5408ed465949fa04ed959684e67152261f309d7?s=96&d=mm&r=g","url":"https:\/\/secure.gravatar.com\/avatar\/a5eb212b58b1f36abe8233bfa5408ed465949fa04ed959684e67152261f309d7?s=96&d=mm&r=g","contentUrl":"https:\/\/secure.gravatar.com\/avatar\/a5eb212b58b1f36abe8233bfa5408ed465949fa04ed959684e67152261f309d7?s=96&d=mm&r=g","caption":"Spence-Chapin Contributor"},"url":"https:\/\/spence-chapin.org\/es\/author\/spencechapincontributor\/"}]}},"_links":{"self":[{"href":"https:\/\/spence-chapin.org\/es\/wp-json\/wp\/v2\/posts\/7107","targetHints":{"allow":["GET"]}}],"collection":[{"href":"https:\/\/spence-chapin.org\/es\/wp-json\/wp\/v2\/posts"}],"about":[{"href":"https:\/\/spence-chapin.org\/es\/wp-json\/wp\/v2\/types\/post"}],"author":[{"embeddable":true,"href":"https:\/\/spence-chapin.org\/es\/wp-json\/wp\/v2\/users\/3"}],"replies":[{"embeddable":true,"href":"https:\/\/spence-chapin.org\/es\/wp-json\/wp\/v2\/comments?post=7107"}],"version-history":[{"count":0,"href":"https:\/\/spence-chapin.org\/es\/wp-json\/wp\/v2\/posts\/7107\/revisions"}],"wp:featuredmedia":[{"embeddable":true,"href":"https:\/\/spence-chapin.org\/es\/wp-json\/wp\/v2\/media\/4113"}],"wp:attachment":[{"href":"https:\/\/spence-chapin.org\/es\/wp-json\/wp\/v2\/media?parent=7107"}],"wp:term":[{"taxonomy":"category","embeddable":true,"href":"https:\/\/spence-chapin.org\/es\/wp-json\/wp\/v2\/categories?post=7107"},{"taxonomy":"post_tag","embeddable":true,"href":"https:\/\/spence-chapin.org\/es\/wp-json\/wp\/v2\/tags?post=7107"}],"curies":[{"name":"wp","href":"https:\/\/api.w.org\/{rel}","templated":true}]}}