{"id":7119,"date":"2012-08-30T07:50:20","date_gmt":"2012-08-29T19:50:20","guid":{"rendered":"https:\/\/spence-chapin.org\/blog-international_adoption-1068\/"},"modified":"2020-01-04T08:09:16","modified_gmt":"2020-01-03T20:09:16","slug":"1068-2","status":"publish","type":"post","link":"https:\/\/spence-chapin.org\/es\/1068-2\/","title":{"rendered":"Celebre la cultura gitana en el Festival Gitano"},"content":{"rendered":"<p>Para una visi\u00f3n fresca y moderna de la cultura roman\u00ed, no se pierda los eventos durante el\u00a0<a href=\"http:\/\/www.nygypsyfest.com\/\"> 8\u00ba Festival Anual Gitano de Nueva York,<\/a> a partir del 8 de septiembre y hasta el d\u00eda 30.<br \/>Este festival celebra la di\u00e1spora roman\u00ed, un pueblo ampliamente extendido por todo el mundo, que trasciende las barreras de ubicaci\u00f3n, idioma y estatus, para una verdadera celebraci\u00f3n de las ra\u00edces y el origen \u00e9tnico en la m\u00fasica, el arte y la danza.<\/p>\n<p>La proyecci\u00f3n de la pel\u00edcula de\u00a0<a href=\"http:\/\/www.apeopleuncounted.com\/\">Un pueblo incontable<\/a>, un documental de 2011 sobre los roman\u00edes seguramente ser\u00e1 un punto culminante del festival. Descubre la rica, y a veces dolorosa, historia de los roman\u00edes, a quienes ahora se les conoce com\u00fanmente como gitanos. El largometraje aclamado por la cr\u00edtica fue dirigido por Aaron Younger y editado por Kurt Engefh.<\/p>\n<p>El Festival Gitano presentar\u00e1 una <a href=\"http:\/\/www.dromnyc.com\/events\/1949\/ny-gypsy-festival-presents-a-film-screening-of-a-people-uncounted-by-aaron-yeger\">proyecci\u00f3n especial<\/a> de esta pel\u00edcula en <a href=\"http:\/\/www.dromnyc.com\/events\/1949\/ny-gypsy-festival-presents-a-film-screening-of-a-people-uncounted-by-aaron-yeger\">Martes 18 de septiembre a las 6:00 p.m.<\/a><\/p>\n<p style=\"text-align: left;\">Vea un avance de Un pueblo incontable, aqu\u00ed:<\/p>\n\n\n<figure class=\"wp-block-embed-vimeo wp-block-embed is-type-video is-provider-vimeo wp-embed-aspect-16-9 wp-has-aspect-ratio\"><div class=\"wp-block-embed__wrapper\">\n<iframe title=\"Un tr\u00e1iler de personas incontables\" src=\"https:\/\/player.vimeo.com\/video\/29574774?dnt=1&amp;app_id=122963\" width=\"800\" height=\"450\" frameborder=\"0\" allow=\"autoplay; fullscreen; picture-in-picture\"><\/iframe>\n<\/div><\/figure>","protected":false},"excerpt":{"rendered":"<p>For a fresh, modern take on Romani culture, don&#8217;t miss the events during the\u00a0 8th Annual New York Gypsy Festival, starting September 8th and running through the 30th.This festival celebrates the Romani diaspora, a people widely spread throughout the world, to transcend barriers of location,\u00a0language, and status, for a true celebration of roots and ethnicity [&hellip;]<\/p>\n","protected":false},"author":3,"featured_media":4159,"comment_status":"closed","ping_status":"open","sticky":false,"template":"","format":"standard","meta":{"_acf_changed":false,"give_campaign_id":0,"footnotes":""},"categories":[544,56,114],"tags":[231,146,91,54],"class_list":["post-7119","post","type-post","status-publish","format-standard","has-post-thumbnail","hentry","category-bulgaria","category-international-adoption","category-korea","tag-bulgaria","tag-korea","tag-spence-chapin","tag-spence-chapin-adoption"],"acf":[],"yoast_head":"<!-- This site is optimized with the Yoast SEO plugin v27.4 - https:\/\/yoast.com\/product\/yoast-seo-wordpress\/ -->\n<title>Celebrate Roma Culture at the Gypsy Festival - Spence-Chapin<\/title>\n<meta name=\"robots\" content=\"index, follow, max-snippet:-1, max-image-preview:large, max-video-preview:-1\" \/>\n<link rel=\"canonical\" href=\"https:\/\/spence-chapin.org\/es\/1068-2\/\" \/>\n<meta property=\"og:locale\" content=\"es_MX\" \/>\n<meta property=\"og:type\" content=\"article\" \/>\n<meta property=\"og:title\" content=\"Celebrate Roma Culture at the Gypsy Festival - Spence-Chapin\" \/>\n<meta property=\"og:description\" content=\"For a fresh, modern take on Romani culture, don&#8217;t miss the events during the\u00a0 8th Annual New York Gypsy Festival, starting September 8th and running through the 30th.This festival celebrates the Romani diaspora, a people widely spread throughout the world, to transcend barriers of location,\u00a0language, and status, for a true celebration of roots and ethnicity [&hellip;]\" \/>\n<meta property=\"og:url\" content=\"https:\/\/spence-chapin.org\/es\/1068-2\/\" \/>\n<meta property=\"og:site_name\" content=\"Spence-Chapin\" \/>\n<meta property=\"article:published_time\" content=\"2012-08-29T19:50:20+00:00\" \/>\n<meta property=\"article:modified_time\" content=\"2020-01-03T20:09:16+00:00\" \/>\n<meta property=\"og:image\" content=\"https:\/\/spence-chapin.org\/wp-content\/uploads\/2019\/10\/postergypsy.jpg\" \/>\n\t<meta property=\"og:image:width\" content=\"400\" \/>\n\t<meta property=\"og:image:height\" content=\"600\" \/>\n\t<meta property=\"og:image:type\" content=\"image\/jpeg\" \/>\n<meta name=\"author\" content=\"Spence-Chapin Contributor\" \/>\n<meta name=\"twitter:card\" content=\"summary_large_image\" \/>\n<meta name=\"twitter:label1\" content=\"Escrito por\" \/>\n\t<meta name=\"twitter:data1\" content=\"Spence-Chapin Contributor\" \/>\n\t<meta name=\"twitter:label2\" content=\"Tiempo de lectura\" \/>\n\t<meta name=\"twitter:data2\" content=\"1 minuto\" \/>\n<!-- \/ Yoast SEO plugin. -->","yoast_head_json":{"title":"Celebre la cultura roman\u00ed en el Festival Gitano - Spence-Chapin","robots":{"index":"index","follow":"follow","max-snippet":"max-snippet:-1","max-image-preview":"max-image-preview:large","max-video-preview":"max-video-preview:-1"},"canonical":"https:\/\/spence-chapin.org\/es\/1068-2\/","og_locale":"es_MX","og_type":"article","og_title":"Celebrate Roma Culture at the Gypsy Festival - Spence-Chapin","og_description":"For a fresh, modern take on Romani culture, don&#8217;t miss the events during the\u00a0 8th Annual New York Gypsy Festival, starting September 8th and running through the 30th.This festival celebrates the Romani diaspora, a people widely spread throughout the world, to transcend barriers of location,\u00a0language, and status, for a true celebration of roots and ethnicity [&hellip;]","og_url":"https:\/\/spence-chapin.org\/es\/1068-2\/","og_site_name":"Spence-Chapin","article_published_time":"2012-08-29T19:50:20+00:00","article_modified_time":"2020-01-03T20:09:16+00:00","og_image":[{"width":400,"height":600,"url":"https:\/\/spence-chapin.org\/wp-content\/uploads\/2019\/10\/postergypsy.jpg","type":"image\/jpeg"}],"author":"Spence-Chapin Contributor","twitter_card":"summary_large_image","twitter_misc":{"Escrito por":"Spence-Chapin Contributor","Tiempo de lectura":"1 minuto"},"schema":{"@context":"https:\/\/schema.org","@graph":[{"@type":"Article","@id":"https:\/\/spence-chapin.org\/1068-2\/#article","isPartOf":{"@id":"https:\/\/spence-chapin.org\/1068-2\/"},"author":{"name":"Spence-Chapin Contributor","@id":"https:\/\/spence-chapin.org\/#\/schema\/person\/ccc655c14077f124a0a345b38d348019"},"headline":"Celebrate Roma Culture at the Gypsy Festival","datePublished":"2012-08-29T19:50:20+00:00","dateModified":"2020-01-03T20:09:16+00:00","mainEntityOfPage":{"@id":"https:\/\/spence-chapin.org\/1068-2\/"},"wordCount":148,"publisher":{"@id":"https:\/\/spence-chapin.org\/#organization"},"image":{"@id":"https:\/\/spence-chapin.org\/1068-2\/#primaryimage"},"thumbnailUrl":"https:\/\/spence-chapin.org\/wp-content\/uploads\/2019\/10\/postergypsy.jpg","keywords":["bulgaria","Korea","Spence-Chapin","Spence-Chapin adoption"],"articleSection":["Bulgaria","International Adoption","Korea"],"inLanguage":"es"},{"@type":"WebPage","@id":"https:\/\/spence-chapin.org\/1068-2\/","url":"https:\/\/spence-chapin.org\/1068-2\/","name":"Celebre la cultura roman\u00ed en el Festival Gitano - Spence-Chapin","isPartOf":{"@id":"https:\/\/spence-chapin.org\/#website"},"primaryImageOfPage":{"@id":"https:\/\/spence-chapin.org\/1068-2\/#primaryimage"},"image":{"@id":"https:\/\/spence-chapin.org\/1068-2\/#primaryimage"},"thumbnailUrl":"https:\/\/spence-chapin.org\/wp-content\/uploads\/2019\/10\/postergypsy.jpg","datePublished":"2012-08-29T19:50:20+00:00","dateModified":"2020-01-03T20:09:16+00:00","breadcrumb":{"@id":"https:\/\/spence-chapin.org\/1068-2\/#breadcrumb"},"inLanguage":"es","potentialAction":[{"@type":"ReadAction","target":["https:\/\/spence-chapin.org\/1068-2\/"]}]},{"@type":"ImageObject","inLanguage":"es","@id":"https:\/\/spence-chapin.org\/1068-2\/#primaryimage","url":"https:\/\/spence-chapin.org\/wp-content\/uploads\/2019\/10\/postergypsy.jpg","contentUrl":"https:\/\/spence-chapin.org\/wp-content\/uploads\/2019\/10\/postergypsy.jpg","width":400,"height":600,"caption":"postergypsy"},{"@type":"BreadcrumbList","@id":"https:\/\/spence-chapin.org\/1068-2\/#breadcrumb","itemListElement":[{"@type":"ListItem","position":1,"name":"Home","item":"https:\/\/spence-chapin.org\/"},{"@type":"ListItem","position":2,"name":"Celebrate Roma Culture at the Gypsy Festival"}]},{"@type":"WebSite","@id":"https:\/\/spence-chapin.org\/#website","url":"https:\/\/spence-chapin.org\/","name":"Spence-Chapin","description":"Servicios para familias y ni\u00f1os","publisher":{"@id":"https:\/\/spence-chapin.org\/#organization"},"potentialAction":[{"@type":"SearchAction","target":{"@type":"EntryPoint","urlTemplate":"https:\/\/spence-chapin.org\/?s={search_term_string}"},"query-input":{"@type":"PropertyValueSpecification","valueRequired":true,"valueName":"search_term_string"}}],"inLanguage":"es"},{"@type":"Organization","@id":"https:\/\/spence-chapin.org\/#organization","name":"Spence-Chapin","url":"https:\/\/spence-chapin.org\/","logo":{"@type":"ImageObject","inLanguage":"es","@id":"https:\/\/spence-chapin.org\/#\/schema\/logo\/image\/","url":"https:\/\/spence-chapin.org\/wp-content\/uploads\/2019\/10\/SC_logo_2019_color-2.png","contentUrl":"https:\/\/spence-chapin.org\/wp-content\/uploads\/2019\/10\/SC_logo_2019_color-2.png","width":273,"height":42,"caption":"Spence-Chapin"},"image":{"@id":"https:\/\/spence-chapin.org\/#\/schema\/logo\/image\/"}},{"@type":"Person","@id":"https:\/\/spence-chapin.org\/#\/schema\/person\/ccc655c14077f124a0a345b38d348019","name":"Spence-Chapin Contributor","image":{"@type":"ImageObject","inLanguage":"es","@id":"https:\/\/secure.gravatar.com\/avatar\/a5eb212b58b1f36abe8233bfa5408ed465949fa04ed959684e67152261f309d7?s=96&d=mm&r=g","url":"https:\/\/secure.gravatar.com\/avatar\/a5eb212b58b1f36abe8233bfa5408ed465949fa04ed959684e67152261f309d7?s=96&d=mm&r=g","contentUrl":"https:\/\/secure.gravatar.com\/avatar\/a5eb212b58b1f36abe8233bfa5408ed465949fa04ed959684e67152261f309d7?s=96&d=mm&r=g","caption":"Spence-Chapin Contributor"},"url":"https:\/\/spence-chapin.org\/es\/author\/spencechapincontributor\/"}]}},"_links":{"self":[{"href":"https:\/\/spence-chapin.org\/es\/wp-json\/wp\/v2\/posts\/7119","targetHints":{"allow":["GET"]}}],"collection":[{"href":"https:\/\/spence-chapin.org\/es\/wp-json\/wp\/v2\/posts"}],"about":[{"href":"https:\/\/spence-chapin.org\/es\/wp-json\/wp\/v2\/types\/post"}],"author":[{"embeddable":true,"href":"https:\/\/spence-chapin.org\/es\/wp-json\/wp\/v2\/users\/3"}],"replies":[{"embeddable":true,"href":"https:\/\/spence-chapin.org\/es\/wp-json\/wp\/v2\/comments?post=7119"}],"version-history":[{"count":0,"href":"https:\/\/spence-chapin.org\/es\/wp-json\/wp\/v2\/posts\/7119\/revisions"}],"wp:featuredmedia":[{"embeddable":true,"href":"https:\/\/spence-chapin.org\/es\/wp-json\/wp\/v2\/media\/4159"}],"wp:attachment":[{"href":"https:\/\/spence-chapin.org\/es\/wp-json\/wp\/v2\/media?parent=7119"}],"wp:term":[{"taxonomy":"category","embeddable":true,"href":"https:\/\/spence-chapin.org\/es\/wp-json\/wp\/v2\/categories?post=7119"},{"taxonomy":"post_tag","embeddable":true,"href":"https:\/\/spence-chapin.org\/es\/wp-json\/wp\/v2\/tags?post=7119"}],"curies":[{"name":"wp","href":"https:\/\/api.w.org\/{rel}","templated":true}]}}