{"id":7138,"date":"2013-11-22T07:44:29","date_gmt":"2013-11-21T19:44:29","guid":{"rendered":"https:\/\/spence-chapin.org\/blog-domestic_adoption-father-of-ten-adopted-children-with-special-needs-weve-had-an-unbelievable-amount-of-support\/"},"modified":"2019-12-19T09:13:29","modified_gmt":"2019-12-18T21:13:29","slug":"padre-de-diez-ninos-adoptados-con-necesidades-especiales-hemos-tenido-una-cantidad-increible-de-apoyo","status":"publish","type":"post","link":"https:\/\/spence-chapin.org\/es\/father-of-ten-adopted-children-with-special-needs-weve-had-an-unbelievable-amount-of-support\/","title":{"rendered":"Padre de diez ni\u00f1os adoptados con necesidades especiales: &#039;Hemos tenido una cantidad incre\u00edble de apoyo&#039;"},"content":{"rendered":"<p><em>Nos encanta esta historia del Huffington Post\u2026..<\/em><\/p>\n<div style=\"text-align: center;\">\n<p style=\"text-align: left;\"><span style=\"font-size: inherit;\">En honor al Mes de Concientizaci\u00f3n sobre la Adopci\u00f3n este noviembre, Jeremy Green se uni\u00f3 a HuffPost Live para compartir su historia sobre c\u00f3mo adopt\u00f3 y cri\u00f3 a seis ni\u00f1os con necesidades especiales.<\/span><\/p>\n<\/div>\n<p>Green, padre de tres hijos biol\u00f3gicos, consider\u00f3 la adopci\u00f3n despu\u00e9s de que \u00e9l y su esposa descubrieron que ya no pod\u00edan tener m\u00e1s hijos. \u201cDescubrimos que biol\u00f3gicamente no pod\u00edamos tener m\u00e1s hijos y quer\u00edamos sumarlos a nuestra familia\u201d, le explic\u00f3 a la presentadora Nancy Redd. \u201cY cuando empezamos a recorrer ese camino, al principio pens\u00e1bamos en &#039;beb\u00e9 sano&#039;. Pero a medida que avanz\u00e1bamos en el proceso, comenzamos a mirar la lista de &quot;ni\u00f1os en espera&quot;. Y estos son ni\u00f1os que tienen necesidades especiales, que no coinciden con lo que alguien marc\u00f3 en su papeleo de adopci\u00f3n diciendo: &#039;s\u00ed, aceptar\u00edamos un ni\u00f1o con tales y tales necesidades especiales&#039;\u201d.<\/p>\n<p>La primera ni\u00f1a que adoptaron, Ellie, era ciega. Cuando vio por primera vez el perfil de Ellie, Green admiti\u00f3 que estaba nervioso. \u201cEstaba bastante abrumado. Le dije: &#039;ya sabes, ciego, esa es una necesidad especial importante&#039;. No sabemos nada sobre eso.&#039; Pero luego me di cuenta de que nadie sabe nada sobre c\u00f3mo criar a un ni\u00f1o con necesidades especiales, y que en familias nacen ni\u00f1os con necesidades especiales todo el tiempo. Y simplemente lo afrontas y lo resuelves\u201d.<\/p>\n<p>\u201cY tenemos a Ellie, y desde entonces, la necesidad especial nunca ha sido realmente parte de la cuesti\u00f3n. Son simplemente personas\u201d.<\/p>\n<p>Green a\u00f1adi\u00f3 que sus hijos suelen ayudarse unos a otros con sus diferentes necesidades. \u201cNuestra hija Lexi es ciega y nuestra hija Sophie naci\u00f3 sin brazos. Ambos fueron adoptados al mismo tiempo, en diciembre de 2010, y son s\u00f3lo dos gotas de agua. Van juntos a todas partes. Lexi, nuevamente ciega, agarrar\u00e1 la manga vac\u00eda de la camisa de Sophie, y Sophie la guiar\u00e1 por la casa, y si necesitan algo, Lexi puede alcanzarlo. As\u00ed que realmente trabajan juntos, juegan juntos, hacen fantas\u00edas juntos, son una pareja de ni\u00f1os muy dulce\u201d.<\/p>\n<p>Mientras los Verdes se preparan para agregar un d\u00e9cimo hijo a su grupo, la familia tambi\u00e9n recibi\u00f3 un gran apoyo de su comunidad. \u201cCuando anunciamos eso en la primavera del a\u00f1o pasado, 2012, nuestra comunidad se uni\u00f3 a nosotros y decidi\u00f3 que les gustar\u00eda ayudarnos a conseguir una casa m\u00e1s grande\u201d, dijo.<\/p>\n<p>\u201cY recaudaron m\u00e1s de $200,000 para la construcci\u00f3n de una casa m\u00e1s grande a la que nos mudamos hace unos dos meses. Y ha marcado una diferencia asombrosa para nuestra familia. As\u00ed que hemos tenido una cantidad incre\u00edble de apoyo\u201d.<\/p>\n<p><strong>El 3 de diciembre es Giving Tuesday, una iniciativa global para inspirar a las personas a contribuir a las organizaciones ben\u00e9ficas y causas que celebran.  En Spence-Chapin, trabajamos para conectar a los ni\u00f1os con hogares permanentes, un profundo amor paternal y una sensaci\u00f3n de seguridad para toda la vida.  Podemos ayudar a m\u00e1s ni\u00f1os a encontrar un hogar aliviando todas las barreras financieras para las familias que buscan adoptar.\u00a0<em>\u00a1Pero no podemos hacer esto sin ti!<\/em>\u00a0 Por favor participe en Giving Tuesday haciendo una contribuci\u00f3n al\u00a0<a title=\"Donar\" href=\"https:\/\/secure.acceptiva.com\/?cst=ccf183\" target=\"_blank\" rel=\"noopener noreferrer\">Fondo Anual Spence-Chapin<\/a>.\u00a0<\/strong><\/p>","protected":false},"excerpt":{"rendered":"<p>We love this story from Huffington Post&#8230;.. In honor of Adoption Awareness Month this November, Jeremy Green joined HuffPost Live to share his story of adopting and raising six special-needs children. Green, the father of three biological children, considered adoption after he and his wife discovered they could no longer have more kids. &#8220;We found [&hellip;]<\/p>\n","protected":false},"author":3,"featured_media":0,"comment_status":"closed","ping_status":"open","sticky":false,"template":"","format":"standard","meta":{"_acf_changed":false,"give_campaign_id":0,"footnotes":""},"categories":[1561,1562,1043,42,1242,567,56,1563,1106,306,1067,1035,1564],"tags":[614,32,3766,97,89,91,38,617,113],"class_list":["post-7138","post","type-post","status-publish","format-standard","hentry","category-adopting-a-waiting-child","category-adopting-special-needs","category-adoption","category-domestic-adoption","category-domestic-special-needs-adoption","category-giving-tuesday","category-international-adoption","category-international-special-needs-adoption","category-special-needs-adoption","category-special-needs-children","category-spence-chapin","category-spence-chapin-adoption","category-waiting-child-program","tag-adopting-a-waiting-child","tag-domestic-adoption","tag-domestic-adoption-program","tag-international-adoption","tag-special-needs-children","tag-spence-chapin","tag-spence-chapin-services","tag-waiting-child-program","tag-waiting-children"],"acf":[],"yoast_head":"<!-- This site is optimized with the Yoast SEO plugin v27.4 - https:\/\/yoast.com\/product\/yoast-seo-wordpress\/ -->\n<title>Father Of Ten Adopted Children With Special Needs: &#039;We&#039;ve Had An Unbelievable Amount Of Support&#039; - Spence-Chapin<\/title>\n<meta name=\"robots\" content=\"index, follow, max-snippet:-1, max-image-preview:large, max-video-preview:-1\" \/>\n<link rel=\"canonical\" href=\"https:\/\/spence-chapin.org\/es\/padre-de-diez-ninos-adoptados-con-necesidades-especiales-hemos-tenido-una-cantidad-increible-de-apoyo\/\" \/>\n<meta property=\"og:locale\" content=\"es_MX\" \/>\n<meta property=\"og:type\" content=\"article\" \/>\n<meta property=\"og:title\" content=\"Father Of Ten Adopted Children With Special Needs: &#039;We&#039;ve Had An Unbelievable Amount Of Support&#039; - Spence-Chapin\" \/>\n<meta property=\"og:description\" content=\"We love this story from Huffington Post&#8230;.. In honor of Adoption Awareness Month this November, Jeremy Green joined HuffPost Live to share his story of adopting and raising six special-needs children. Green, the father of three biological children, considered adoption after he and his wife discovered they could no longer have more kids. &#8220;We found [&hellip;]\" \/>\n<meta property=\"og:url\" content=\"https:\/\/spence-chapin.org\/es\/padre-de-diez-ninos-adoptados-con-necesidades-especiales-hemos-tenido-una-cantidad-increible-de-apoyo\/\" \/>\n<meta property=\"og:site_name\" content=\"Spence-Chapin\" \/>\n<meta property=\"article:published_time\" content=\"2013-11-21T19:44:29+00:00\" \/>\n<meta property=\"article:modified_time\" content=\"2019-12-18T21:13:29+00:00\" \/>\n<meta name=\"author\" content=\"Spence-Chapin Contributor\" \/>\n<meta name=\"twitter:card\" content=\"summary_large_image\" \/>\n<meta name=\"twitter:label1\" content=\"Escrito por\" \/>\n\t<meta name=\"twitter:data1\" content=\"Spence-Chapin Contributor\" \/>\n\t<meta name=\"twitter:label2\" content=\"Tiempo de lectura\" \/>\n\t<meta name=\"twitter:data2\" content=\"3 minutos\" \/>\n<!-- \/ Yoast SEO plugin. -->","yoast_head_json":{"title":"Father Of Ten Adopted Children With Special Needs: 'We've Had An Unbelievable Amount Of Support' - Spence-Chapin","robots":{"index":"index","follow":"follow","max-snippet":"max-snippet:-1","max-image-preview":"max-image-preview:large","max-video-preview":"max-video-preview:-1"},"canonical":"https:\/\/spence-chapin.org\/es\/padre-de-diez-ninos-adoptados-con-necesidades-especiales-hemos-tenido-una-cantidad-increible-de-apoyo\/","og_locale":"es_MX","og_type":"article","og_title":"Father Of Ten Adopted Children With Special Needs: 'We've Had An Unbelievable Amount Of Support' - Spence-Chapin","og_description":"We love this story from Huffington Post&#8230;.. In honor of Adoption Awareness Month this November, Jeremy Green joined HuffPost Live to share his story of adopting and raising six special-needs children. Green, the father of three biological children, considered adoption after he and his wife discovered they could no longer have more kids. &#8220;We found [&hellip;]","og_url":"https:\/\/spence-chapin.org\/es\/padre-de-diez-ninos-adoptados-con-necesidades-especiales-hemos-tenido-una-cantidad-increible-de-apoyo\/","og_site_name":"Spence-Chapin","article_published_time":"2013-11-21T19:44:29+00:00","article_modified_time":"2019-12-18T21:13:29+00:00","author":"Spence-Chapin Contributor","twitter_card":"summary_large_image","twitter_misc":{"Escrito por":"Spence-Chapin Contributor","Tiempo de lectura":"3 minutos"},"schema":{"@context":"https:\/\/schema.org","@graph":[{"@type":"Article","@id":"https:\/\/spence-chapin.org\/father-of-ten-adopted-children-with-special-needs-weve-had-an-unbelievable-amount-of-support\/#article","isPartOf":{"@id":"https:\/\/spence-chapin.org\/father-of-ten-adopted-children-with-special-needs-weve-had-an-unbelievable-amount-of-support\/"},"author":{"name":"Spence-Chapin Contributor","@id":"https:\/\/spence-chapin.org\/#\/schema\/person\/ccc655c14077f124a0a345b38d348019"},"headline":"Father Of Ten Adopted Children With Special Needs: &#8216;We&#8217;ve Had An Unbelievable Amount Of Support&#8217;","datePublished":"2013-11-21T19:44:29+00:00","dateModified":"2019-12-18T21:13:29+00:00","mainEntityOfPage":{"@id":"https:\/\/spence-chapin.org\/father-of-ten-adopted-children-with-special-needs-weve-had-an-unbelievable-amount-of-support\/"},"wordCount":531,"publisher":{"@id":"https:\/\/spence-chapin.org\/#organization"},"keywords":["adopting a waiting child","domestic adoption","domestic adoption program","International Adoption","special needs children","Spence-Chapin","Spence-Chapin Services","Waiting Child Program","waiting children"],"articleSection":["adopting a waiting child","adopting special needs","Adoption","Domestic Adoption","domestic special needs adoption","Giving Tuesday","International Adoption","international special needs adoption","Special Needs Adoption","Special-Needs Children","Spence-Chapin","Spence-Chapin adoption","Waiting Child Program"],"inLanguage":"es"},{"@type":"WebPage","@id":"https:\/\/spence-chapin.org\/father-of-ten-adopted-children-with-special-needs-weve-had-an-unbelievable-amount-of-support\/","url":"https:\/\/spence-chapin.org\/father-of-ten-adopted-children-with-special-needs-weve-had-an-unbelievable-amount-of-support\/","name":"Father Of Ten Adopted Children With Special Needs: 'We've Had An Unbelievable Amount Of Support' - Spence-Chapin","isPartOf":{"@id":"https:\/\/spence-chapin.org\/#website"},"datePublished":"2013-11-21T19:44:29+00:00","dateModified":"2019-12-18T21:13:29+00:00","breadcrumb":{"@id":"https:\/\/spence-chapin.org\/father-of-ten-adopted-children-with-special-needs-weve-had-an-unbelievable-amount-of-support\/#breadcrumb"},"inLanguage":"es","potentialAction":[{"@type":"ReadAction","target":["https:\/\/spence-chapin.org\/father-of-ten-adopted-children-with-special-needs-weve-had-an-unbelievable-amount-of-support\/"]}]},{"@type":"BreadcrumbList","@id":"https:\/\/spence-chapin.org\/father-of-ten-adopted-children-with-special-needs-weve-had-an-unbelievable-amount-of-support\/#breadcrumb","itemListElement":[{"@type":"ListItem","position":1,"name":"Home","item":"https:\/\/spence-chapin.org\/"},{"@type":"ListItem","position":2,"name":"Father Of Ten Adopted Children With Special Needs: &#8216;We&#8217;ve Had An Unbelievable Amount Of Support&#8217;"}]},{"@type":"WebSite","@id":"https:\/\/spence-chapin.org\/#website","url":"https:\/\/spence-chapin.org\/","name":"Spence-Chapin","description":"Servicios para familias y ni\u00f1os","publisher":{"@id":"https:\/\/spence-chapin.org\/#organization"},"potentialAction":[{"@type":"SearchAction","target":{"@type":"EntryPoint","urlTemplate":"https:\/\/spence-chapin.org\/?s={search_term_string}"},"query-input":{"@type":"PropertyValueSpecification","valueRequired":true,"valueName":"search_term_string"}}],"inLanguage":"es"},{"@type":"Organization","@id":"https:\/\/spence-chapin.org\/#organization","name":"Spence-Chapin","url":"https:\/\/spence-chapin.org\/","logo":{"@type":"ImageObject","inLanguage":"es","@id":"https:\/\/spence-chapin.org\/#\/schema\/logo\/image\/","url":"https:\/\/spence-chapin.org\/wp-content\/uploads\/2019\/10\/SC_logo_2019_color-2.png","contentUrl":"https:\/\/spence-chapin.org\/wp-content\/uploads\/2019\/10\/SC_logo_2019_color-2.png","width":273,"height":42,"caption":"Spence-Chapin"},"image":{"@id":"https:\/\/spence-chapin.org\/#\/schema\/logo\/image\/"}},{"@type":"Person","@id":"https:\/\/spence-chapin.org\/#\/schema\/person\/ccc655c14077f124a0a345b38d348019","name":"Spence-Chapin Contributor","image":{"@type":"ImageObject","inLanguage":"es","@id":"https:\/\/secure.gravatar.com\/avatar\/a5eb212b58b1f36abe8233bfa5408ed465949fa04ed959684e67152261f309d7?s=96&d=mm&r=g","url":"https:\/\/secure.gravatar.com\/avatar\/a5eb212b58b1f36abe8233bfa5408ed465949fa04ed959684e67152261f309d7?s=96&d=mm&r=g","contentUrl":"https:\/\/secure.gravatar.com\/avatar\/a5eb212b58b1f36abe8233bfa5408ed465949fa04ed959684e67152261f309d7?s=96&d=mm&r=g","caption":"Spence-Chapin Contributor"},"url":"https:\/\/spence-chapin.org\/es\/author\/spencechapincontributor\/"}]}},"_links":{"self":[{"href":"https:\/\/spence-chapin.org\/es\/wp-json\/wp\/v2\/posts\/7138","targetHints":{"allow":["GET"]}}],"collection":[{"href":"https:\/\/spence-chapin.org\/es\/wp-json\/wp\/v2\/posts"}],"about":[{"href":"https:\/\/spence-chapin.org\/es\/wp-json\/wp\/v2\/types\/post"}],"author":[{"embeddable":true,"href":"https:\/\/spence-chapin.org\/es\/wp-json\/wp\/v2\/users\/3"}],"replies":[{"embeddable":true,"href":"https:\/\/spence-chapin.org\/es\/wp-json\/wp\/v2\/comments?post=7138"}],"version-history":[{"count":0,"href":"https:\/\/spence-chapin.org\/es\/wp-json\/wp\/v2\/posts\/7138\/revisions"}],"wp:attachment":[{"href":"https:\/\/spence-chapin.org\/es\/wp-json\/wp\/v2\/media?parent=7138"}],"wp:term":[{"taxonomy":"category","embeddable":true,"href":"https:\/\/spence-chapin.org\/es\/wp-json\/wp\/v2\/categories?post=7138"},{"taxonomy":"post_tag","embeddable":true,"href":"https:\/\/spence-chapin.org\/es\/wp-json\/wp\/v2\/tags?post=7138"}],"curies":[{"name":"wp","href":"https:\/\/api.w.org\/{rel}","templated":true}]}}