{"id":7254,"date":"2018-12-04T04:51:00","date_gmt":"2018-12-03T16:51:00","guid":{"rendered":"https:\/\/spence-chapin.org\/blog-nam-2018\/"},"modified":"2020-01-08T04:20:40","modified_gmt":"2020-01-07T16:20:40","slug":"nombre-2018","status":"publish","type":"post","link":"https:\/\/spence-chapin.org\/es\/nam-2018\/","title":{"rendered":"Llenos de gratitud: Mes Nacional de la Adopci\u00f3n 2018"},"content":{"rendered":"<p class=\"\" style=\"text-align: center; white-space: pre-wrap;\">Todos los jueves de noviembre, en honor al D\u00eda de Acci\u00f3n de Gracias y al Mes Nacional de la Adopci\u00f3n, presentamos citas y <a href=\"https:\/\/spence-chapin.org\/es\/stories\/\" target=\"_blank\" rel=\"noopener noreferrer\">cuentos<\/a> de familias, amigos y colegas que han sido tocados por la adopci\u00f3n para hacerles la pregunta: <strong>&quot;\u00bfDe qu\u00e9 estas agradecido?<\/strong>&quot;<\/p>\n<p class=\"\" style=\"text-align: center; white-space: pre-wrap;\">Vea algunas de las respuestas que recibimos este a\u00f1o:<\/p>\n<div class=\"image-gallery-wrapper\">\n<p><img decoding=\"async\" src=\"https:\/\/spence-chapin.org\/wp-content\/uploads\/2019\/10\/TTIG-Sam.jpg\"><\/p>\n<p><img decoding=\"async\" src=\"https:\/\/spence-chapin.org\/wp-content\/uploads\/2019\/10\/TTIG-Mary.jpg\"><\/p>\n<p><img decoding=\"async\" src=\"https:\/\/spence-chapin.org\/wp-content\/uploads\/2019\/10\/TTIG-CorinnelongTXT-2.jpg\"><\/p>\n<p><img decoding=\"async\" src=\"https:\/\/spence-chapin.org\/wp-content\/uploads\/2019\/10\/TTIG-GilsonTXT.jpg\"><\/p>\n<p><img decoding=\"async\" src=\"https:\/\/spence-chapin.org\/wp-content\/uploads\/2019\/10\/TTIG-Katie.jpg\"><\/p>\n<p><img decoding=\"async\" src=\"https:\/\/spence-chapin.org\/wp-content\/uploads\/2019\/10\/TTIG-JensKatrin.jpg\"><\/p>\n<p><img decoding=\"async\" src=\"https:\/\/spence-chapin.org\/wp-content\/uploads\/2019\/10\/TTIG-Josh.jpg\"><\/p>\n<p><img decoding=\"async\" src=\"https:\/\/spence-chapin.org\/wp-content\/uploads\/2019\/10\/TTIG-Jessi.jpg\"><\/p>\n<p><img decoding=\"async\" src=\"https:\/\/spence-chapin.org\/wp-content\/uploads\/2019\/10\/TTIG-CharlotteICP.jpg\"><\/p>\n<p><img decoding=\"async\" src=\"https:\/\/spence-chapin.org\/wp-content\/uploads\/2019\/10\/TTIG-JessPaul.jpg\"><\/p>\n<\/div>\n<p class=\"\" style=\"text-align: center; white-space: pre-wrap;\">Gracias a nuestra familia Spence-Chapin por celebrar con nosotros durante todo el mes. Estamos muy agradecidos por cada uno de ustedes.<\/p>","protected":false},"excerpt":{"rendered":"<p>Every Thursday in November, in honor of Thanksgiving and National Adoption Month, we featured quotes and stories from families, friends and colleagues who have been touched by adoption to ask them the question: \u201cWhat are you thankful for?\u201d Check out some of the answers we received this year: Thank you to our Spence-Chapin family for [&hellip;]<\/p>\n","protected":false},"author":3,"featured_media":0,"comment_status":"closed","ping_status":"open","sticky":false,"template":"","format":"standard","meta":{"_acf_changed":false,"give_campaign_id":0,"footnotes":""},"categories":[1619,60,59],"tags":[674,993,673,57,4007],"class_list":["post-7254","post","type-post","status-publish","format-standard","hentry","category-adoption-stories","category-nam","category-national-adoption-month","tag-adoption-stories","tag-family-stories","tag-nam","tag-national-adoption-month","tag-staff-spotlight"],"acf":[],"yoast_head":"<!-- This site is optimized with the Yoast SEO plugin v27.4 - https:\/\/yoast.com\/product\/yoast-seo-wordpress\/ -->\n<title>Full of Gratitude: National Adoption Month 2018 - Spence-Chapin<\/title>\n<meta name=\"robots\" content=\"index, follow, max-snippet:-1, max-image-preview:large, max-video-preview:-1\" \/>\n<link rel=\"canonical\" href=\"https:\/\/spence-chapin.org\/es\/nombre-2018\/\" \/>\n<meta property=\"og:locale\" content=\"es_MX\" \/>\n<meta property=\"og:type\" content=\"article\" \/>\n<meta property=\"og:title\" content=\"Full of Gratitude: National Adoption Month 2018 - Spence-Chapin\" \/>\n<meta property=\"og:description\" content=\"Every Thursday in November, in honor of Thanksgiving and National Adoption Month, we featured quotes and stories from families, friends and colleagues who have been touched by adoption to ask them the question: \u201cWhat are you thankful for?\u201d Check out some of the answers we received this year: Thank you to our Spence-Chapin family for [&hellip;]\" \/>\n<meta property=\"og:url\" content=\"https:\/\/spence-chapin.org\/es\/nombre-2018\/\" \/>\n<meta property=\"og:site_name\" content=\"Spence-Chapin\" \/>\n<meta property=\"article:published_time\" content=\"2018-12-03T16:51:00+00:00\" \/>\n<meta property=\"article:modified_time\" content=\"2020-01-07T16:20:40+00:00\" \/>\n<meta property=\"og:image\" content=\"https:\/\/spence-chapin.org\/wp-content\/uploads\/2019\/10\/TTIG-Sam.jpg\" \/>\n<meta name=\"author\" content=\"Spence-Chapin Contributor\" \/>\n<meta name=\"twitter:card\" content=\"summary_large_image\" \/>\n<meta name=\"twitter:label1\" content=\"Escrito por\" \/>\n\t<meta name=\"twitter:data1\" content=\"Spence-Chapin Contributor\" \/>\n<!-- \/ Yoast SEO plugin. -->","yoast_head_json":{"title":"Lleno de gratitud: Mes Nacional de la Adopci\u00f3n 2018 - Spence-Chapin","robots":{"index":"index","follow":"follow","max-snippet":"max-snippet:-1","max-image-preview":"max-image-preview:large","max-video-preview":"max-video-preview:-1"},"canonical":"https:\/\/spence-chapin.org\/es\/nombre-2018\/","og_locale":"es_MX","og_type":"article","og_title":"Full of Gratitude: National Adoption Month 2018 - Spence-Chapin","og_description":"Every Thursday in November, in honor of Thanksgiving and National Adoption Month, we featured quotes and stories from families, friends and colleagues who have been touched by adoption to ask them the question: \u201cWhat are you thankful for?\u201d Check out some of the answers we received this year: Thank you to our Spence-Chapin family for [&hellip;]","og_url":"https:\/\/spence-chapin.org\/es\/nombre-2018\/","og_site_name":"Spence-Chapin","article_published_time":"2018-12-03T16:51:00+00:00","article_modified_time":"2020-01-07T16:20:40+00:00","og_image":[{"url":"https:\/\/spence-chapin.org\/wp-content\/uploads\/2019\/10\/TTIG-Sam.jpg","type":"","width":"","height":""}],"author":"Spence-Chapin Contributor","twitter_card":"summary_large_image","twitter_misc":{"Escrito por":"Spence-Chapin Contributor"},"schema":{"@context":"https:\/\/schema.org","@graph":[{"@type":"Article","@id":"https:\/\/spence-chapin.org\/nam-2018\/#article","isPartOf":{"@id":"https:\/\/spence-chapin.org\/nam-2018\/"},"author":{"name":"Spence-Chapin Contributor","@id":"https:\/\/spence-chapin.org\/#\/schema\/person\/ccc655c14077f124a0a345b38d348019"},"headline":"Full of Gratitude: National Adoption Month 2018","datePublished":"2018-12-03T16:51:00+00:00","dateModified":"2020-01-07T16:20:40+00:00","mainEntityOfPage":{"@id":"https:\/\/spence-chapin.org\/nam-2018\/"},"wordCount":75,"publisher":{"@id":"https:\/\/spence-chapin.org\/#organization"},"image":{"@id":"https:\/\/spence-chapin.org\/nam-2018\/#primaryimage"},"thumbnailUrl":"https:\/\/spence-chapin.org\/wp-content\/uploads\/2019\/10\/TTIG-Sam.jpg","keywords":["Adoption stories","Family Stories","nam","national adoption month","Staff spotlight"],"articleSection":["Adoption stories","NAM","National Adoption Month"],"inLanguage":"es"},{"@type":"WebPage","@id":"https:\/\/spence-chapin.org\/nam-2018\/","url":"https:\/\/spence-chapin.org\/nam-2018\/","name":"Lleno de gratitud: Mes Nacional de la Adopci\u00f3n 2018 - Spence-Chapin","isPartOf":{"@id":"https:\/\/spence-chapin.org\/#website"},"primaryImageOfPage":{"@id":"https:\/\/spence-chapin.org\/nam-2018\/#primaryimage"},"image":{"@id":"https:\/\/spence-chapin.org\/nam-2018\/#primaryimage"},"thumbnailUrl":"https:\/\/spence-chapin.org\/wp-content\/uploads\/2019\/10\/TTIG-Sam.jpg","datePublished":"2018-12-03T16:51:00+00:00","dateModified":"2020-01-07T16:20:40+00:00","breadcrumb":{"@id":"https:\/\/spence-chapin.org\/nam-2018\/#breadcrumb"},"inLanguage":"es","potentialAction":[{"@type":"ReadAction","target":["https:\/\/spence-chapin.org\/nam-2018\/"]}]},{"@type":"ImageObject","inLanguage":"es","@id":"https:\/\/spence-chapin.org\/nam-2018\/#primaryimage","url":"https:\/\/spence-chapin.org\/wp-content\/uploads\/2019\/10\/TTIG-Sam.jpg","contentUrl":"https:\/\/spence-chapin.org\/wp-content\/uploads\/2019\/10\/TTIG-Sam.jpg"},{"@type":"BreadcrumbList","@id":"https:\/\/spence-chapin.org\/nam-2018\/#breadcrumb","itemListElement":[{"@type":"ListItem","position":1,"name":"Home","item":"https:\/\/spence-chapin.org\/"},{"@type":"ListItem","position":2,"name":"Full of Gratitude: National Adoption Month 2018"}]},{"@type":"WebSite","@id":"https:\/\/spence-chapin.org\/#website","url":"https:\/\/spence-chapin.org\/","name":"Spence-Chapin","description":"Servicios para familias y ni\u00f1os","publisher":{"@id":"https:\/\/spence-chapin.org\/#organization"},"potentialAction":[{"@type":"SearchAction","target":{"@type":"EntryPoint","urlTemplate":"https:\/\/spence-chapin.org\/?s={search_term_string}"},"query-input":{"@type":"PropertyValueSpecification","valueRequired":true,"valueName":"search_term_string"}}],"inLanguage":"es"},{"@type":"Organization","@id":"https:\/\/spence-chapin.org\/#organization","name":"Spence-Chapin","url":"https:\/\/spence-chapin.org\/","logo":{"@type":"ImageObject","inLanguage":"es","@id":"https:\/\/spence-chapin.org\/#\/schema\/logo\/image\/","url":"https:\/\/spence-chapin.org\/wp-content\/uploads\/2019\/10\/SC_logo_2019_color-2.png","contentUrl":"https:\/\/spence-chapin.org\/wp-content\/uploads\/2019\/10\/SC_logo_2019_color-2.png","width":273,"height":42,"caption":"Spence-Chapin"},"image":{"@id":"https:\/\/spence-chapin.org\/#\/schema\/logo\/image\/"}},{"@type":"Person","@id":"https:\/\/spence-chapin.org\/#\/schema\/person\/ccc655c14077f124a0a345b38d348019","name":"Spence-Chapin Contributor","image":{"@type":"ImageObject","inLanguage":"es","@id":"https:\/\/secure.gravatar.com\/avatar\/a5eb212b58b1f36abe8233bfa5408ed465949fa04ed959684e67152261f309d7?s=96&d=mm&r=g","url":"https:\/\/secure.gravatar.com\/avatar\/a5eb212b58b1f36abe8233bfa5408ed465949fa04ed959684e67152261f309d7?s=96&d=mm&r=g","contentUrl":"https:\/\/secure.gravatar.com\/avatar\/a5eb212b58b1f36abe8233bfa5408ed465949fa04ed959684e67152261f309d7?s=96&d=mm&r=g","caption":"Spence-Chapin Contributor"},"url":"https:\/\/spence-chapin.org\/es\/author\/spencechapincontributor\/"}]}},"_links":{"self":[{"href":"https:\/\/spence-chapin.org\/es\/wp-json\/wp\/v2\/posts\/7254","targetHints":{"allow":["GET"]}}],"collection":[{"href":"https:\/\/spence-chapin.org\/es\/wp-json\/wp\/v2\/posts"}],"about":[{"href":"https:\/\/spence-chapin.org\/es\/wp-json\/wp\/v2\/types\/post"}],"author":[{"embeddable":true,"href":"https:\/\/spence-chapin.org\/es\/wp-json\/wp\/v2\/users\/3"}],"replies":[{"embeddable":true,"href":"https:\/\/spence-chapin.org\/es\/wp-json\/wp\/v2\/comments?post=7254"}],"version-history":[{"count":0,"href":"https:\/\/spence-chapin.org\/es\/wp-json\/wp\/v2\/posts\/7254\/revisions"}],"wp:attachment":[{"href":"https:\/\/spence-chapin.org\/es\/wp-json\/wp\/v2\/media?parent=7254"}],"wp:term":[{"taxonomy":"category","embeddable":true,"href":"https:\/\/spence-chapin.org\/es\/wp-json\/wp\/v2\/categories?post=7254"},{"taxonomy":"post_tag","embeddable":true,"href":"https:\/\/spence-chapin.org\/es\/wp-json\/wp\/v2\/tags?post=7254"}],"curies":[{"name":"wp","href":"https:\/\/api.w.org\/{rel}","templated":true}]}}