{"id":8797,"date":"2019-12-11T10:31:06","date_gmt":"2019-12-10T22:31:06","guid":{"rendered":"https:\/\/spence-chapin.org\/?p=8797"},"modified":"2020-01-08T05:37:51","modified_gmt":"2020-01-07T17:37:51","slug":"mentor-destacado-conoce-a-andrew","status":"publish","type":"post","link":"https:\/\/spence-chapin.org\/es\/mentor-spotlight-meet-andrew\/","title":{"rendered":"Mentor destacado: Conozca a Andrew"},"content":{"rendered":"<div id=\"yui_3_17_2_1_1576016820160_133\" class=\"row sqs-row\">\n<div class=\"col sqs-col-6 span-6\">\n<div id=\"block-d8a977d6aa06ed0577ea\" class=\"sqs-block html-block sqs-block-html\" data-block-type=\"2\">\n<div class=\"sqs-block-content\">\n<p class=\"\">Andrew naci\u00f3 en Se\u00fal, Corea del Sur y actualmente trabaja como Gerente de Recursos Humanos. Este es su octavo a\u00f1o como Mentor en <a href=\"https:\/\/spence-chapin.org\/es\/tutoria\/\">Programa de tutor\u00eda para la adopci\u00f3n de Spence-Chapin<\/a>. Andrew espera profundizar continuamente sus relaciones de tutor\u00eda con todos los adolescentes que regresan y ser un recurso que brinde apoyo a quienes luchan con sus identidades de adopci\u00f3n.  Tambi\u00e9n le gusta ser una voz amigable y un o\u00eddo comprensivo.<\/p>\n<\/div>\n<\/div>\n<\/div>\n<\/div>\n<div id=\"block-e526f4085f6e43a18908\" class=\"sqs-block html-block sqs-block-html\" data-block-type=\"2\">\n<div class=\"sqs-block-content\">\n<h3><strong>\u00bfQU\u00c9 TE GUSTAR\u00cdA COMPARTIR SOBRE TU ANTECEDENTES?<\/strong><\/h3>\n<p class=\"\">Mi hermano gemelo id\u00e9ntico y yo fuimos adoptados juntos en Corea del Sur cuando \u00e9ramos ni\u00f1os por la agencia de adopci\u00f3n Save the Children por una pareja de Boston, MA. Luego, mis padres adoptar\u00edan una tercera hija de Corea del Sur, nuestra hermana.<\/p>\n<h3><strong>\u00bfC\u00d3MO COMPARTI\u00d3 SU FAMILIA CON USTED SU HISTORIA DE ADOPCI\u00d3N?<\/strong><\/h3>\n<p class=\"\">No se sab\u00eda mucho sobre nuestra historia de Corea ya que se perdi\u00f3 mucho papeleo cuando llegamos por primera vez. Hablando por m\u00ed mismo, mi identidad y mi historia de adopci\u00f3n realmente no resonaron en m\u00ed mientras crec\u00eda. Estar en una familia mestiza de tres ni\u00f1os coreanos obviamente resaltar\u00eda que fuimos adoptados ya que nuestros padres no son coreanos. S\u00e9 que mis padres conservaron los registros que pudieron obtener y que tanto mi hermano como mi hermana revisaron todos los registros de adopci\u00f3n que tenemos, pero esa no ha sido una decisi\u00f3n que haya tomado todav\u00eda.<\/p>\n<h3><strong>\u00bfQU\u00c9 HISTORIAS INTERESANTES COMPARTIERON CONTIGO TUS PADRES?&nbsp;&nbsp;&nbsp;&nbsp;&nbsp;&nbsp;&nbsp;&nbsp; <\/strong><\/h3>\n<p class=\"\">Cuando mis padres decidieron adoptar a dos ni\u00f1os coreanos gemelos id\u00e9nticos, la log\u00edstica de tener dos ni\u00f1os nuevos en sus vidas que lucen exactamente iguales definitivamente caus\u00f3 algunos problemas. Como no habl\u00e1bamos nada de ingl\u00e9s, nuestros nuevos nombres no se registraron exactamente cuando intentaban dirigirse a cualquiera de los dos chicos. Esto ser\u00eda particularmente desafiante en el primer ba\u00f1o que nos dieron. Dos ni\u00f1os gemelos id\u00e9nticos que no respondieron a los nombres en ingl\u00e9s desnudos en una ba\u00f1era es pr\u00e1cticamente una receta para el desastre.  Entonces, como mis padres eran profesionales m\u00e9dicos pr\u00e1cticos, decidieron etiquetarnos con una \u201cA\u201d o \u201cM\u201d gigantesca en la nuca. Y estoy bastante seguro de que durante los primeros meses que vivimos en Boston est\u00e1bamos codificados por colores, con un ni\u00f1o siempre vestido de rojo y el otro siempre vestido de azul. Hasta el d\u00eda de hoy, insisten en que esos eran nuestros colores favoritos.<\/p>\n<h3><strong>\u00bfQU\u00c9 MITOS O CONCEPTOS ERR\u00d3NEOS ENCONTR\u00d3 COMO ADOPTADO? <\/strong><\/h3>\n<p class=\"\">Honestamente, no enfrent\u00e9 muchas preguntas sobre ser adoptado. M\u00e1s gente estaba fascinada porque yo era un gemelo id\u00e9ntico. Supongo que las \u00fanicas preguntas sobre herencia que recibo en mi vida profesional son cuando conozco por primera vez a personas con las que he mantenido correspondencia y que est\u00e1n intrigadas porque un habitante de Nueva Inglaterra que habla r\u00e1pido, con apellido franc\u00e9s y sin acento, resulta ser un chico coreano. cuando nos encontramos cara a cara.<\/p>\n<h3><strong>\u00bfCU\u00c1NDO SE CONECT\u00d3 AL PROGRAMA DE MENTOR\u00cdA DE SPENCE-CHAPIN?<\/strong><\/h3>\n<p class=\"\">Entr\u00e9 al Programa de Mentor\u00eda en el a\u00f1o 2013 con el programa de secundaria en ese momento. En mis a\u00f1os en el programa, he tenido la alegr\u00eda de ver a nuestros j\u00f3venes adolescentes crecer y convertirse en adultos j\u00f3venes. Quiero decir, varios de nuestros antiguos aprendices ahora son mentores en el programa, y uno de ellos destac\u00f3 la adopci\u00f3n en una charla TED.<\/p>\n<h3><strong>\u00bfCU\u00c1L HA SIDO TU EXPERIENCIA COMO MENTOR? <\/strong><\/h3>\n<p class=\"\">No solo he podido conectarme y ver crecer a nuestros j\u00f3venes adolescentes, sino que tambi\u00e9n he tenido la alegr\u00eda de ver a mis compa\u00f1eros Mentores atravesar su propio viaje de adopci\u00f3n. Todos los adultos adoptados pudimos compartir nuestras identidades de adopci\u00f3n con los adolescentes, todos los padres y entre nosotros. El apoyo y las relaciones que he construido con los mentores, los adolescentes y los padres a lo largo de los a\u00f1os realmente han tenido un impacto positivo en mi propia vida.<\/p>\n<h3><strong>\u00bfQU\u00c9 CONSEJOS COMPARTES CON LOS J\u00d3VENES ADOPTADOS EN EL PROGRAMA DE MENTOR\u00cdA?<\/strong><\/h3>\n<p class=\"\">No te dejes intimidar por el t\u00edtulo del <a href=\"https:\/\/spence-chapin.org\/es\/tutoria\/\">Programa de tutor\u00eda para la adopci\u00f3n de Spence-Chapin<\/a>. En realidad, solo estamos aqu\u00ed para que todos piensen en las identidades de adopci\u00f3n y compartan todos nuestros viajes de adopci\u00f3n \u00fanicos. Tenemos d\u00edas en los que animamos a la gente a escuchar y, si se siente c\u00f3moda, a compartir experiencias. Pero tambi\u00e9n tenemos actividades divertidas (Karaoke, pintura, zool\u00f3gico, d\u00eda en el parque) que nos permiten estar en un ambiente en el que todos podemos relacionarnos entre nosotros, ya que todos somos adoptados.<\/p>\n<p class=\"\">\u2014<\/p>\n<p class=\"\"><strong>Spence-Chapin <\/strong><a href=\"https:\/\/spence-chapin.org\/es\/tutoria\/\" target=\"_blank\" rel=\"noopener noreferrer\"><strong>Programa de tutor\u00eda en adopci\u00f3n<\/strong><\/a><strong> es para estudiantes adoptados de secundaria y preparatoria. Nuestro programa empodera a los adoptados a trav\u00e9s de la amistad, generando confianza en s\u00ed mismos y desafi\u00e1ndolos a descubrir y comprender sus identidades y experiencias de adopci\u00f3n. Para obtener m\u00e1s informaci\u00f3n sobre c\u00f3mo unirse al programa como aprendiz o mentor, cont\u00e1ctenos en <\/strong><a href=\"mailto:mentorship@spence-chapin.org\"><strong>mentorship@spence-chapin.org<\/strong><\/a><strong> o reg\u00edstrate GRATIS <\/strong><a href=\"https:\/\/attendee.gotowebinar.com\/register\/7008514005645684993\" target=\"_blank\" rel=\"noopener noreferrer\"><strong>Seminario web de tutor\u00eda<\/strong><\/a><strong>!<\/strong><\/p>\n<\/div>\n<\/div>","protected":false},"excerpt":{"rendered":"<p>Andrew was born in Seoul, South Korea and is currently employed as a Human Resources Manager.&nbsp; This is his 8th year as a Mentor in Spence-Chapin\u2019s Adoption Mentorship Program.&nbsp; Andrew looks forward to continually deepening his mentorship relationships with all of the returning teens, and to be a resource providing support for those struggling with [&hellip;]<\/p>\n","protected":false},"author":7,"featured_media":8661,"comment_status":"closed","ping_status":"open","sticky":false,"template":"","format":"standard","meta":{"_acf_changed":false,"give_campaign_id":0,"footnotes":""},"categories":[1084,95,1487,534,1486,1149,1029],"tags":[671,828,533,50,532,98,47,54],"class_list":["post-8797","post","type-post","status-publish","format-standard","has-post-thumbnail","hentry","category-adoption-services","category-black-history-month","category-mentor-spotlight","category-mentorship","category-mentorship-program","category-post-adoption-services","category-post-adoption-support","tag-adoption-mentorship","tag-mentor","tag-mentor-spotlight","tag-mentorship","tag-mentorship-program","tag-post-adoption","tag-post-adoption-support","tag-spence-chapin-adoption"],"acf":[],"yoast_head":"<!-- This site is optimized with the Yoast SEO plugin v27.4 - https:\/\/yoast.com\/product\/yoast-seo-wordpress\/ -->\n<title>Mentor Spotlight: Meet Andrew - Spence-Chapin<\/title>\n<meta name=\"robots\" content=\"index, follow, max-snippet:-1, max-image-preview:large, max-video-preview:-1\" \/>\n<link rel=\"canonical\" href=\"https:\/\/spence-chapin.org\/es\/mentor-destacado-conoce-a-andrew\/\" \/>\n<meta property=\"og:locale\" content=\"es_MX\" \/>\n<meta property=\"og:type\" content=\"article\" \/>\n<meta property=\"og:title\" content=\"Mentor Spotlight: Meet Andrew - Spence-Chapin\" \/>\n<meta property=\"og:description\" content=\"Andrew was born in Seoul, South Korea and is currently employed as a Human Resources Manager.&nbsp; This is his 8th year as a Mentor in Spence-Chapin\u2019s Adoption Mentorship Program.&nbsp; Andrew looks forward to continually deepening his mentorship relationships with all of the returning teens, and to be a resource providing support for those struggling with [&hellip;]\" \/>\n<meta property=\"og:url\" content=\"https:\/\/spence-chapin.org\/es\/mentor-destacado-conoce-a-andrew\/\" \/>\n<meta property=\"og:site_name\" content=\"Spence-Chapin\" \/>\n<meta property=\"article:published_time\" content=\"2019-12-10T22:31:06+00:00\" \/>\n<meta property=\"article:modified_time\" content=\"2020-01-07T17:37:51+00:00\" \/>\n<meta property=\"og:image\" content=\"https:\/\/spence-chapin.org\/wp-content\/uploads\/2019\/12\/image-asset-e1575918506301.jpeg\" \/>\n\t<meta property=\"og:image:width\" content=\"999\" \/>\n\t<meta property=\"og:image:height\" content=\"1269\" \/>\n\t<meta property=\"og:image:type\" content=\"image\/jpeg\" \/>\n<meta name=\"author\" content=\"Erin Brown\" \/>\n<meta name=\"twitter:card\" content=\"summary_large_image\" \/>\n<meta name=\"twitter:label1\" content=\"Escrito por\" \/>\n\t<meta name=\"twitter:data1\" content=\"Erin Brown\" \/>\n\t<meta name=\"twitter:label2\" content=\"Tiempo de lectura\" \/>\n\t<meta name=\"twitter:data2\" content=\"4 minutos\" \/>\n<!-- \/ Yoast SEO plugin. -->","yoast_head_json":{"title":"Mentor destacado: Conozca a Andrew - Spence-Chapin","robots":{"index":"index","follow":"follow","max-snippet":"max-snippet:-1","max-image-preview":"max-image-preview:large","max-video-preview":"max-video-preview:-1"},"canonical":"https:\/\/spence-chapin.org\/es\/mentor-destacado-conoce-a-andrew\/","og_locale":"es_MX","og_type":"article","og_title":"Mentor Spotlight: Meet Andrew - Spence-Chapin","og_description":"Andrew was born in Seoul, South Korea and is currently employed as a Human Resources Manager.&nbsp; This is his 8th year as a Mentor in Spence-Chapin\u2019s Adoption Mentorship Program.&nbsp; Andrew looks forward to continually deepening his mentorship relationships with all of the returning teens, and to be a resource providing support for those struggling with [&hellip;]","og_url":"https:\/\/spence-chapin.org\/es\/mentor-destacado-conoce-a-andrew\/","og_site_name":"Spence-Chapin","article_published_time":"2019-12-10T22:31:06+00:00","article_modified_time":"2020-01-07T17:37:51+00:00","og_image":[{"width":999,"height":1269,"url":"https:\/\/spence-chapin.org\/wp-content\/uploads\/2019\/12\/image-asset-e1575918506301.jpeg","type":"image\/jpeg"}],"author":"Erin Brown","twitter_card":"summary_large_image","twitter_misc":{"Escrito por":"Erin Brown","Tiempo de lectura":"4 minutos"},"schema":{"@context":"https:\/\/schema.org","@graph":[{"@type":"Article","@id":"https:\/\/spence-chapin.org\/mentor-spotlight-meet-andrew\/#article","isPartOf":{"@id":"https:\/\/spence-chapin.org\/mentor-spotlight-meet-andrew\/"},"author":{"name":"Erin Brown","@id":"https:\/\/spence-chapin.org\/#\/schema\/person\/f919de0f270d2c7aa9962a70afd71420"},"headline":"Mentor Spotlight: Meet Andrew","datePublished":"2019-12-10T22:31:06+00:00","dateModified":"2020-01-07T17:37:51+00:00","mainEntityOfPage":{"@id":"https:\/\/spence-chapin.org\/mentor-spotlight-meet-andrew\/"},"wordCount":835,"publisher":{"@id":"https:\/\/spence-chapin.org\/#organization"},"image":{"@id":"https:\/\/spence-chapin.org\/mentor-spotlight-meet-andrew\/#primaryimage"},"thumbnailUrl":"https:\/\/spence-chapin.org\/wp-content\/uploads\/2019\/12\/image-asset-e1575918506301.jpeg","keywords":["adoption mentorship","mentor","mentor spotlight","mentorship","mentorship program","post adoption","post adoption support","Spence-Chapin adoption"],"articleSection":["adoption services","Black History Month","mentor spotlight","Mentorship","mentorship program","post adoption services","post adoption support"],"inLanguage":"es"},{"@type":"WebPage","@id":"https:\/\/spence-chapin.org\/mentor-spotlight-meet-andrew\/","url":"https:\/\/spence-chapin.org\/mentor-spotlight-meet-andrew\/","name":"Mentor destacado: Conozca a Andrew - Spence-Chapin","isPartOf":{"@id":"https:\/\/spence-chapin.org\/#website"},"primaryImageOfPage":{"@id":"https:\/\/spence-chapin.org\/mentor-spotlight-meet-andrew\/#primaryimage"},"image":{"@id":"https:\/\/spence-chapin.org\/mentor-spotlight-meet-andrew\/#primaryimage"},"thumbnailUrl":"https:\/\/spence-chapin.org\/wp-content\/uploads\/2019\/12\/image-asset-e1575918506301.jpeg","datePublished":"2019-12-10T22:31:06+00:00","dateModified":"2020-01-07T17:37:51+00:00","breadcrumb":{"@id":"https:\/\/spence-chapin.org\/mentor-spotlight-meet-andrew\/#breadcrumb"},"inLanguage":"es","potentialAction":[{"@type":"ReadAction","target":["https:\/\/spence-chapin.org\/mentor-spotlight-meet-andrew\/"]}]},{"@type":"ImageObject","inLanguage":"es","@id":"https:\/\/spence-chapin.org\/mentor-spotlight-meet-andrew\/#primaryimage","url":"https:\/\/spence-chapin.org\/wp-content\/uploads\/2019\/12\/image-asset-e1575918506301.jpeg","contentUrl":"https:\/\/spence-chapin.org\/wp-content\/uploads\/2019\/12\/image-asset-e1575918506301.jpeg","width":999,"height":1269,"caption":"image asset e1575918506301"},{"@type":"BreadcrumbList","@id":"https:\/\/spence-chapin.org\/mentor-spotlight-meet-andrew\/#breadcrumb","itemListElement":[{"@type":"ListItem","position":1,"name":"Home","item":"https:\/\/spence-chapin.org\/"},{"@type":"ListItem","position":2,"name":"Mentor Spotlight: Meet Andrew"}]},{"@type":"WebSite","@id":"https:\/\/spence-chapin.org\/#website","url":"https:\/\/spence-chapin.org\/","name":"Spence-Chapin","description":"Servicios para familias y ni\u00f1os","publisher":{"@id":"https:\/\/spence-chapin.org\/#organization"},"potentialAction":[{"@type":"SearchAction","target":{"@type":"EntryPoint","urlTemplate":"https:\/\/spence-chapin.org\/?s={search_term_string}"},"query-input":{"@type":"PropertyValueSpecification","valueRequired":true,"valueName":"search_term_string"}}],"inLanguage":"es"},{"@type":"Organization","@id":"https:\/\/spence-chapin.org\/#organization","name":"Spence-Chapin","url":"https:\/\/spence-chapin.org\/","logo":{"@type":"ImageObject","inLanguage":"es","@id":"https:\/\/spence-chapin.org\/#\/schema\/logo\/image\/","url":"https:\/\/spence-chapin.org\/wp-content\/uploads\/2019\/10\/SC_logo_2019_color-2.png","contentUrl":"https:\/\/spence-chapin.org\/wp-content\/uploads\/2019\/10\/SC_logo_2019_color-2.png","width":273,"height":42,"caption":"Spence-Chapin"},"image":{"@id":"https:\/\/spence-chapin.org\/#\/schema\/logo\/image\/"}},{"@type":"Person","@id":"https:\/\/spence-chapin.org\/#\/schema\/person\/f919de0f270d2c7aa9962a70afd71420","name":"Erin Brown","image":{"@type":"ImageObject","inLanguage":"es","@id":"https:\/\/secure.gravatar.com\/avatar\/c6aa27a97a0eb258f431ca3a1554c6777ff808b4f5a0cd7032d85f880fa067fc?s=96&d=mm&r=g","url":"https:\/\/secure.gravatar.com\/avatar\/c6aa27a97a0eb258f431ca3a1554c6777ff808b4f5a0cd7032d85f880fa067fc?s=96&d=mm&r=g","contentUrl":"https:\/\/secure.gravatar.com\/avatar\/c6aa27a97a0eb258f431ca3a1554c6777ff808b4f5a0cd7032d85f880fa067fc?s=96&d=mm&r=g","caption":"Erin Brown"},"url":"https:\/\/spence-chapin.org\/es\/author\/ebrown\/"}]}},"_links":{"self":[{"href":"https:\/\/spence-chapin.org\/es\/wp-json\/wp\/v2\/posts\/8797","targetHints":{"allow":["GET"]}}],"collection":[{"href":"https:\/\/spence-chapin.org\/es\/wp-json\/wp\/v2\/posts"}],"about":[{"href":"https:\/\/spence-chapin.org\/es\/wp-json\/wp\/v2\/types\/post"}],"author":[{"embeddable":true,"href":"https:\/\/spence-chapin.org\/es\/wp-json\/wp\/v2\/users\/7"}],"replies":[{"embeddable":true,"href":"https:\/\/spence-chapin.org\/es\/wp-json\/wp\/v2\/comments?post=8797"}],"version-history":[{"count":0,"href":"https:\/\/spence-chapin.org\/es\/wp-json\/wp\/v2\/posts\/8797\/revisions"}],"wp:featuredmedia":[{"embeddable":true,"href":"https:\/\/spence-chapin.org\/es\/wp-json\/wp\/v2\/media\/8661"}],"wp:attachment":[{"href":"https:\/\/spence-chapin.org\/es\/wp-json\/wp\/v2\/media?parent=8797"}],"wp:term":[{"taxonomy":"category","embeddable":true,"href":"https:\/\/spence-chapin.org\/es\/wp-json\/wp\/v2\/categories?post=8797"},{"taxonomy":"post_tag","embeddable":true,"href":"https:\/\/spence-chapin.org\/es\/wp-json\/wp\/v2\/tags?post=8797"}],"curies":[{"name":"wp","href":"https:\/\/api.w.org\/{rel}","templated":true}]}}